{"id":160795,"date":"2017-03-10T09:31:02","date_gmt":"2017-03-10T08:31:02","guid":{"rendered":"http:\/\/www.fuldaer-nachrichten.de\/?p=160795"},"modified":"2017-03-10T09:31:02","modified_gmt":"2017-03-10T08:31:02","slug":"schwachstelle-bauchwand-die-unsichtbaren-loecher-im-koerper","status":"publish","type":"post","link":"https:\/\/www.fuldaernachrichten.de\/?p=160795","title":{"rendered":"Schwachstelle Bauchwand &#8211; die unsichtbaren L\u00f6cher im K\u00f6rper"},"content":{"rendered":"<p>LAUTERBACH. Der n\u00e4chste Vortrag von \u201eTreffpunkt Gesundheit&#8221;, der Pr\u00e4sentationsreihe zu medizinischen und gesundheitsrelevanten Themen, findet am Donnerstag, 16. M\u00e4rz, um 18 Uhr in der Eingangshalle des Krankenhauses Eichhof statt. Der Chefarzt der Allgemein- und Viszeralchirurgie, Dr. R\u00fcdiger Hilfenhaus, widmet sich der Diagnostik und Therapie von Br\u00fcchen in Leiste und Bauchwand.<\/p>\n<p>Die Bauchdecke des Menschen hat angeborene Schwachstellen. Typische Areale sind dabei die Leiste und der Bauchnabel, aber auch im Umfeld von Narben, die nach vorhergegangenen Bauchoperationen entstanden sind, kann es zu Br\u00fcchen kommen &#8211; im medizinischen Fachjargon Hernien genannt. Bemerkbar machen sich diese von au\u00dfen unsichtbaren \u00d6ffnungen im Gewebe durch eine Vorw\u00f6lbung beim Husten oder Pressen. Damit einhergehend treten meist auch Schmerzen auf, was aber nicht immer der Fall ist.<br \/>\nUm die richtige Diagnose zu stellen und eine geeignete, erfolgreiche Therapie zu finden, bedarf es einer entsprechenden Qualifikation des behandelnden Arztes. Insbesondere an Chirurgen werden dabei hohe Anforderungen gestellt. Sie m\u00fcssen sowohl minimalinvasive wie auch konventionelle Operationsmethoden beherrschen, im individuellen Fall sogar eine Kombination aus beiden Methoden anwenden.<\/p>\n<p>Chefarzt Dr. Hilfenhaus erl\u00e4utert in seinem Vortrag die Hintergr\u00fcnde von Leisten- und Bauchwandbr\u00fcchen, widmet sich intensiv der Diagnostik und informiert umfassend \u00fcber die m\u00f6glichen chirurgischen Behandlungsans\u00e4tze der modernen Medizin.<\/p>\n<p>Im Anschluss an den Vortrag besteht die M\u00f6glichkeit zu einer Diskussionsrunde, in der der Referent gerne die Fragen der Zuh\u00f6rer beantwortet. Der Eintritt ist frei, eine Anmeldung ist nicht erforderlich.<\/p>\n","protected":false},"excerpt":{"rendered":"<div class=\"tmnf_excerpt\"><p>LAUTERBACH. Der n\u00e4chste Vortrag von \u201eTreffpunkt Gesundheit&#8221;, der Pr\u00e4sentationsreihe zu medizinischen und gesundheitsrelevanten Themen, findet am Donnerstag, 16. M\u00e4rz, um 18 Uhr in der Eingangshalle des Krankenhauses Eichhof statt. Der Chefarzt der Allgemein- und Viszeralchirurgie, Dr. R\u00fcdiger Hilfenhaus, widmet sich der Diagnostik und Therapie von Br\u00fcchen in Leiste und Bauchwand. Die Bauchdecke des Menschen hat &hellip;<\/p>\n<\/div>","protected":false},"author":1,"featured_media":0,"comment_status":"closed","ping_status":"closed","sticky":false,"template":"","format":"standard","meta":{"footnotes":""},"categories":[1],"tags":[],"class_list":["post-160795","post","type-post","status-publish","format-standard","hentry","category-startseite"],"_links":{"self":[{"href":"https:\/\/www.fuldaernachrichten.de\/index.php?rest_route=\/wp\/v2\/posts\/160795","targetHints":{"allow":["GET"]}}],"collection":[{"href":"https:\/\/www.fuldaernachrichten.de\/index.php?rest_route=\/wp\/v2\/posts"}],"about":[{"href":"https:\/\/www.fuldaernachrichten.de\/index.php?rest_route=\/wp\/v2\/types\/post"}],"author":[{"embeddable":true,"href":"https:\/\/www.fuldaernachrichten.de\/index.php?rest_route=\/wp\/v2\/users\/1"}],"replies":[{"embeddable":true,"href":"https:\/\/www.fuldaernachrichten.de\/index.php?rest_route=%2Fwp%2Fv2%2Fcomments&post=160795"}],"version-history":[{"count":1,"href":"https:\/\/www.fuldaernachrichten.de\/index.php?rest_route=\/wp\/v2\/posts\/160795\/revisions"}],"predecessor-version":[{"id":160800,"href":"https:\/\/www.fuldaernachrichten.de\/index.php?rest_route=\/wp\/v2\/posts\/160795\/revisions\/160800"}],"wp:attachment":[{"href":"https:\/\/www.fuldaernachrichten.de\/index.php?rest_route=%2Fwp%2Fv2%2Fmedia&parent=160795"}],"wp:term":[{"taxonomy":"category","embeddable":true,"href":"https:\/\/www.fuldaernachrichten.de\/index.php?rest_route=%2Fwp%2Fv2%2Fcategories&post=160795"},{"taxonomy":"post_tag","embeddable":true,"href":"https:\/\/www.fuldaernachrichten.de\/index.php?rest_route=%2Fwp%2Fv2%2Ftags&post=160795"}],"curies":[{"name":"wp","href":"https:\/\/api.w.org\/{rel}","templated":true}]}}