{"id":160785,"date":"2017-03-10T09:28:19","date_gmt":"2017-03-10T08:28:19","guid":{"rendered":"http:\/\/www.fuldaer-nachrichten.de\/?p=160785"},"modified":"2017-03-10T09:28:19","modified_gmt":"2017-03-10T08:28:19","slug":"vom-reisen-ein-koffer-voller-geschichten-mit-musik-aus-allen-ecken-des-globus","status":"publish","type":"post","link":"https:\/\/www.fuldaernachrichten.de\/?p=160785","title":{"rendered":"Vom Reisen &#8211; ein Koffer  voller Geschichten &#8211;  Mit Musik aus allen Ecken des Globus"},"content":{"rendered":"<p>Am 18.3.2017, um 20.00 Uhr wird im VHS-FORUM, Kanzlerpalais, Unterm Hl. Kreuz 1, Fulda, die Lesung mit Musik \u201eVom Reisen \u2013 ein Koffer voller Geschichten \u2013 Mit Musik aus allen Ecken des Globus\u201c, mit Ursula Illert, Lesung und Textauswahl und dem ACHT OHREN TRIO &#8211; Weltmusik aus Hessen, gespielt von Julia Ballin, Saxophone und Geige, Anka Hirsch, Cello, E-Cello und Akkordeon, Sandra Elischer, Perkussion, aufgef\u00fchrt.<\/p>\n<p>Ob zu Fu\u00df, mit dem Rad, dem Flugzeug ans Ende der Welt oder ins Nachbardorf: Jede Reise beginnt mit dem Schritt vor die Haust\u00fcr und dann kann man was erleben! Autoren und Schriftstellerinnen aus aller Welt schreiben schw\u00e4rmerisch, kritisch, am\u00fcsiert und verwundert \u00fcber ihre Reiseerlebnisse. Ihre Ansichten, Einsichten und Aussichten \u00f6ffnen den Blick in fremden L\u00e4nder und das Herz f\u00fcr neue Erfahrungen.<\/p>\n<p>Und die Musik spielt dazu &#8211; eine mitrei\u00dfende Mischung aus Jazz, Folklore und Weltmusik\u2013 globale musikalische Fundst\u00fccke werden neu aufgemischt, Tradition und Heutiges, Fremdes und Vertrautes, Fernweh und Heimatgef\u00fchle werden in Text und Musik verbunden.<\/p>\n<p>Geschichten und Gedichte u.a. von :\u00c2\u00a0 H.M. Enzensberger, Y. Kemal, Pablo Neruda, J.W.v.Goethe, Siegfried Lenz, Elias Canetti, Christian Morgenstern, Ringelnatz, Heinz Ehrhardt\u00e2\u20ac\u00a6<\/p>\n<p>Ursula Illert, Schauspielerin und Sprecherin aus Frankfurt, arbeitet f\u00fcr Funk und Fernsehen, liest H\u00f6rb\u00fccher und konzipiert und veranstaltet Lesungen zu verschiedenen Themen und \u00fcber viele K\u00fcnstlerinnen und K\u00fcnstler, unter dem Namen Text+Ton seit vielen Jahren zusammen mit Anka Hirsch<\/p>\n<p>DIE ACHT OHREN: Hessische Weltb\u00fcrgerinnen spielen Musik aus aller Welt, globale Fundst\u00fccke, lokal aufgemischt, zum Zuh\u00f6ren und Tanzen, auch als Quartett mit Kontrabass und als Trio als Begleitung zu verschiedenen Lesungen.<\/p>\n<p>Karten zu dieser Veranstaltung die vom Kulturamt der Stadt Fulda angeboten wird, sind im Vorverkauf in der Gesch\u00e4ftsstelle der Fuldaer Zeitung erh\u00e4ltlich (10,00 \u00e2\u201a\u00ac, erm\u00e4\u00dfigt 8,00 \u00e2\u201a\u00ac) sowie an der Abendkasse (12,00 \u00e2\u201a\u00ac, erm\u00e4\u00dfigt\u00c2\u00a0 10,00 \u00e2\u201a\u00ac).<\/p>\n","protected":false},"excerpt":{"rendered":"<div class=\"tmnf_excerpt\"><p>Am 18.3.2017, um 20.00 Uhr wird im VHS-FORUM, Kanzlerpalais, Unterm Hl. Kreuz 1, Fulda, die Lesung mit Musik \u201eVom Reisen \u2013 ein Koffer voller Geschichten \u2013 Mit Musik aus allen Ecken des Globus\u201c, mit Ursula Illert, Lesung und Textauswahl und dem ACHT OHREN TRIO &#8211; Weltmusik aus Hessen, gespielt von Julia Ballin, Saxophone und Geige, &hellip;<\/p>\n<\/div>","protected":false},"author":1,"featured_media":160788,"comment_status":"closed","ping_status":"closed","sticky":false,"template":"","format":"standard","meta":{"footnotes":""},"categories":[1],"tags":[],"class_list":["post-160785","post","type-post","status-publish","format-standard","has-post-thumbnail","hentry","category-startseite"],"_links":{"self":[{"href":"https:\/\/www.fuldaernachrichten.de\/index.php?rest_route=\/wp\/v2\/posts\/160785","targetHints":{"allow":["GET"]}}],"collection":[{"href":"https:\/\/www.fuldaernachrichten.de\/index.php?rest_route=\/wp\/v2\/posts"}],"about":[{"href":"https:\/\/www.fuldaernachrichten.de\/index.php?rest_route=\/wp\/v2\/types\/post"}],"author":[{"embeddable":true,"href":"https:\/\/www.fuldaernachrichten.de\/index.php?rest_route=\/wp\/v2\/users\/1"}],"replies":[{"embeddable":true,"href":"https:\/\/www.fuldaernachrichten.de\/index.php?rest_route=%2Fwp%2Fv2%2Fcomments&post=160785"}],"version-history":[{"count":1,"href":"https:\/\/www.fuldaernachrichten.de\/index.php?rest_route=\/wp\/v2\/posts\/160785\/revisions"}],"predecessor-version":[{"id":160789,"href":"https:\/\/www.fuldaernachrichten.de\/index.php?rest_route=\/wp\/v2\/posts\/160785\/revisions\/160789"}],"wp:featuredmedia":[{"embeddable":true,"href":"https:\/\/www.fuldaernachrichten.de\/index.php?rest_route=\/wp\/v2\/media\/160788"}],"wp:attachment":[{"href":"https:\/\/www.fuldaernachrichten.de\/index.php?rest_route=%2Fwp%2Fv2%2Fmedia&parent=160785"}],"wp:term":[{"taxonomy":"category","embeddable":true,"href":"https:\/\/www.fuldaernachrichten.de\/index.php?rest_route=%2Fwp%2Fv2%2Fcategories&post=160785"},{"taxonomy":"post_tag","embeddable":true,"href":"https:\/\/www.fuldaernachrichten.de\/index.php?rest_route=%2Fwp%2Fv2%2Ftags&post=160785"}],"curies":[{"name":"wp","href":"https:\/\/api.w.org\/{rel}","templated":true}]}}