{"id":160784,"date":"2017-03-10T09:29:46","date_gmt":"2017-03-10T08:29:46","guid":{"rendered":"http:\/\/www.fuldaer-nachrichten.de\/?p=160784"},"modified":"2017-03-10T09:29:46","modified_gmt":"2017-03-10T08:29:46","slug":"gut-vorbereitet-in-die-pflegebegutachtung-neuer-ratgeber-der-verbraucherzentrale-hessen","status":"publish","type":"post","link":"https:\/\/www.fuldaernachrichten.de\/?p=160784","title":{"rendered":"Gut vorbereitet in die Pflegebegutachtung &#8211; Neuer Ratgeber der Verbraucherzentrale Hessen"},"content":{"rendered":"<p>Wer Leistungen aus der gesetzlichen Pflegeversicherung erhalten will, muss einen Antrag bei der Pflegekasse stellen. Das Ausma\u00df der Pflegebed\u00fcrftigkeit wird dann von einem Gutachter in der Regel bei einem Hausbesuch festgestellt. Dieser Hausbesuch ist f\u00fcr Pflegebed\u00fcrftige und Angeh\u00f6rige ein \u00fcberaus wichtiger Termin, denn er stellt die Grundlage dar, auf der \u00fcber die Leistungen aus der Pflegeversicherung entschieden wird.<\/p>\n<p>Der neue Ratgeber der Verbraucherzentrale Hessen erkl\u00e4rt die Neuregelungen ab 2017, die f\u00fcnf Pflegegrade und das neue Begutachtungsverfahren einfach und verst\u00e4ndlich. Pflegebed\u00fcrftige und deren Angeh\u00f6rige k\u00f6nnen sich damit vertraut machen, mit welchen Fragen bei der Begutachtung zu rechnen ist und wie die Begutachtung abl\u00e4uft. Eine Checkliste zum Download zeigt, nach welchen Kriterien das Ma\u00df der Selbstst\u00e4ndigkeit des Betreffenden in den Bereichen Mobilit\u00e4t, geistige F\u00e4higkeiten, psychische Problemlagen, Selbstversorgung, Umgang mit krankheitsbedingten Anforderungen und Gestaltung des Alltagslebens bewertet wird. Eine eigene sorgf\u00e4ltige Dokumentation der Begutachtung als Grundlage f\u00fcr einen m\u00f6glichen sp\u00e4teren Widerspruch bei der Pflegekasse empfiehlt sich.<\/p>\n<p>Den Ratgeber \u201eDas Pflegegutachten \u2013 Antragstellung, Begutachtung, Bewilligung\u201c gibt es zum Abholpreis von 9,90 \u00e2\u201a\u00ac in der Verbraucherzentrale Hessen, Beratungsstelle Fulda, Karlstr. 2. F\u00fcr zus\u00e4tzlich 2,50 \u00e2\u201a\u00ac bei Einzelversand, also f\u00fcr insgesamt 12,40 \u00e2\u201a\u00ac kommt er \u2013 mit Rechnung \u2013 auch ins Haus.<\/p>\n","protected":false},"excerpt":{"rendered":"<div class=\"tmnf_excerpt\"><p>Wer Leistungen aus der gesetzlichen Pflegeversicherung erhalten will, muss einen Antrag bei der Pflegekasse stellen. Das Ausma\u00df der Pflegebed\u00fcrftigkeit wird dann von einem Gutachter in der Regel bei einem Hausbesuch festgestellt. Dieser Hausbesuch ist f\u00fcr Pflegebed\u00fcrftige und Angeh\u00f6rige ein \u00fcberaus wichtiger Termin, denn er stellt die Grundlage dar, auf der \u00fcber die Leistungen aus der &hellip;<\/p>\n<\/div>","protected":false},"author":1,"featured_media":0,"comment_status":"closed","ping_status":"closed","sticky":false,"template":"","format":"standard","meta":{"footnotes":""},"categories":[1],"tags":[],"class_list":["post-160784","post","type-post","status-publish","format-standard","hentry","category-startseite"],"_links":{"self":[{"href":"https:\/\/www.fuldaernachrichten.de\/index.php?rest_route=\/wp\/v2\/posts\/160784","targetHints":{"allow":["GET"]}}],"collection":[{"href":"https:\/\/www.fuldaernachrichten.de\/index.php?rest_route=\/wp\/v2\/posts"}],"about":[{"href":"https:\/\/www.fuldaernachrichten.de\/index.php?rest_route=\/wp\/v2\/types\/post"}],"author":[{"embeddable":true,"href":"https:\/\/www.fuldaernachrichten.de\/index.php?rest_route=\/wp\/v2\/users\/1"}],"replies":[{"embeddable":true,"href":"https:\/\/www.fuldaernachrichten.de\/index.php?rest_route=%2Fwp%2Fv2%2Fcomments&post=160784"}],"version-history":[{"count":1,"href":"https:\/\/www.fuldaernachrichten.de\/index.php?rest_route=\/wp\/v2\/posts\/160784\/revisions"}],"predecessor-version":[{"id":160794,"href":"https:\/\/www.fuldaernachrichten.de\/index.php?rest_route=\/wp\/v2\/posts\/160784\/revisions\/160794"}],"wp:attachment":[{"href":"https:\/\/www.fuldaernachrichten.de\/index.php?rest_route=%2Fwp%2Fv2%2Fmedia&parent=160784"}],"wp:term":[{"taxonomy":"category","embeddable":true,"href":"https:\/\/www.fuldaernachrichten.de\/index.php?rest_route=%2Fwp%2Fv2%2Fcategories&post=160784"},{"taxonomy":"post_tag","embeddable":true,"href":"https:\/\/www.fuldaernachrichten.de\/index.php?rest_route=%2Fwp%2Fv2%2Ftags&post=160784"}],"curies":[{"name":"wp","href":"https:\/\/api.w.org\/{rel}","templated":true}]}}