{"id":160782,"date":"2017-03-10T09:21:05","date_gmt":"2017-03-10T08:21:05","guid":{"rendered":"http:\/\/www.fuldaer-nachrichten.de\/?p=160782"},"modified":"2017-03-10T09:21:05","modified_gmt":"2017-03-10T08:21:05","slug":"eine-literarisch-musikalische-kopfexpedition-mit-jutta-sporer-und-pia-maria-sauer","status":"publish","type":"post","link":"https:\/\/www.fuldaernachrichten.de\/?p=160782","title":{"rendered":"Eine literarisch-musikalische Kopfexpedition mit Jutta Sporer und Pia Maria Sauer"},"content":{"rendered":"<p>Am 21.3.2017, um 19.30 Uhr wird in der Kapelle im Vonderau Museum,\u00c2\u00a0 Jesuitenplatz 2, Fulda, eine\u00c2\u00a0 literarisch-musikalische Kopfexpedition mit Jutta Sporer und Pia Maria Sauer aufgef\u00fchrt.<br \/>\nAufbruchsstimmung herrscht in der Natur, ein Sirren, Brummen, Summen, Tirilieren dringt in unsere Ohren, Schneegl\u00f6ckchen, Veilchen, Krokusse sind bunte Boten einer neuen Jahreszeit. Die Menschen genie\u00dfen das Gef\u00fchl des Fr\u00fchlings, feiern Fr\u00fchlingsfeste, pflegen Fr\u00fchlingsriten, denn \u201evom Eise befreit sind Strom und B\u00e4che\u201c und der \u201eFr\u00fchling l\u00e4sst sein blaues Band wieder flattern.\u00e2\u20ac\u00a8\u00e2\u20ac\u00a8Wortreich begr\u00fc\u00dfen zahlreiche Dichter und Schriftsteller nach langem kargen Winter ohne Farben die allj\u00e4hrliche Erneuerung in verschiedenen Texten, die Jutta Sporer f\u00fcr diesen literarisch-musikalischen Fr\u00fchlingsausflug anl\u00e4sslich der Sonderausstellung \u201eRh\u00f6n\u201c im Vonderau Museum zusammengestellt hat.\u00e2\u20ac\u00a8\u00e2\u20ac\u00a8Und was w\u00e4re die Welt, was w\u00e4re der Fr\u00fchling ohne die Musik! Pia Maria Sauer wird den gemeinsamen Start in die helle Zeit mit inspirierenden Klangbildern begleiten und dem Erwachen des Fr\u00fchlings mit Kompositionen am Saxophon ihre ganz pers\u00f6nliche Note verleihen.<\/p>\n<p>Karten zu dieser Veranstaltung die vom Kulturamt der Stadt Fulda angeboten wird, sind im Vorverkauf in der Gesch\u00e4ftsstelle der Fuldaer Zeitung erh\u00e4ltlich. Eintritt (Vorverkauf und Abendkasse) 9,00 Euro, erm\u00e4\u00dfigt 7,00 Euro.<\/p>\n","protected":false},"excerpt":{"rendered":"<div class=\"tmnf_excerpt\"><p>Am 21.3.2017, um 19.30 Uhr wird in der Kapelle im Vonderau Museum,\u00c2\u00a0 Jesuitenplatz 2, Fulda, eine\u00c2\u00a0 literarisch-musikalische Kopfexpedition mit Jutta Sporer und Pia Maria Sauer aufgef\u00fchrt. Aufbruchsstimmung herrscht in der Natur, ein Sirren, Brummen, Summen, Tirilieren dringt in unsere Ohren, Schneegl\u00f6ckchen, Veilchen, Krokusse sind bunte Boten einer neuen Jahreszeit. Die Menschen genie\u00dfen das Gef\u00fchl des &hellip;<\/p>\n<\/div>","protected":false},"author":1,"featured_media":0,"comment_status":"closed","ping_status":"closed","sticky":false,"template":"","format":"standard","meta":{"footnotes":""},"categories":[1],"tags":[],"class_list":["post-160782","post","type-post","status-publish","format-standard","hentry","category-startseite"],"_links":{"self":[{"href":"https:\/\/www.fuldaernachrichten.de\/index.php?rest_route=\/wp\/v2\/posts\/160782","targetHints":{"allow":["GET"]}}],"collection":[{"href":"https:\/\/www.fuldaernachrichten.de\/index.php?rest_route=\/wp\/v2\/posts"}],"about":[{"href":"https:\/\/www.fuldaernachrichten.de\/index.php?rest_route=\/wp\/v2\/types\/post"}],"author":[{"embeddable":true,"href":"https:\/\/www.fuldaernachrichten.de\/index.php?rest_route=\/wp\/v2\/users\/1"}],"replies":[{"embeddable":true,"href":"https:\/\/www.fuldaernachrichten.de\/index.php?rest_route=%2Fwp%2Fv2%2Fcomments&post=160782"}],"version-history":[{"count":1,"href":"https:\/\/www.fuldaernachrichten.de\/index.php?rest_route=\/wp\/v2\/posts\/160782\/revisions"}],"predecessor-version":[{"id":160787,"href":"https:\/\/www.fuldaernachrichten.de\/index.php?rest_route=\/wp\/v2\/posts\/160782\/revisions\/160787"}],"wp:attachment":[{"href":"https:\/\/www.fuldaernachrichten.de\/index.php?rest_route=%2Fwp%2Fv2%2Fmedia&parent=160782"}],"wp:term":[{"taxonomy":"category","embeddable":true,"href":"https:\/\/www.fuldaernachrichten.de\/index.php?rest_route=%2Fwp%2Fv2%2Fcategories&post=160782"},{"taxonomy":"post_tag","embeddable":true,"href":"https:\/\/www.fuldaernachrichten.de\/index.php?rest_route=%2Fwp%2Fv2%2Ftags&post=160782"}],"curies":[{"name":"wp","href":"https:\/\/api.w.org\/{rel}","templated":true}]}}