{"id":160774,"date":"2017-03-10T08:57:38","date_gmt":"2017-03-10T07:57:38","guid":{"rendered":"http:\/\/www.fuldaer-nachrichten.de\/?p=160774"},"modified":"2017-03-10T08:57:38","modified_gmt":"2017-03-10T07:57:38","slug":"vortrag-fuldaer-goldschmiede-zwischen-barock-und-historismus","status":"publish","type":"post","link":"https:\/\/www.fuldaernachrichten.de\/?p=160774","title":{"rendered":"Vortrag: Fuldaer Goldschmiede zwischen Barock und Historismus"},"content":{"rendered":"<p>Der Fuldaer Geschichtsverein l\u00e4dt ein zu einem Vortrag am Donnerstag, 16. M\u00e4rz, um 19.30 Uhr im Kanzlerpalais, Unterm Heilig Kreuz, in Fulda. Die Referentin, Dr. Martina Jordan-Ruwe, spricht zum Thema \u201eFuldaer Goldschmiede zwischen Barock und Historismus\u201c. Alle Interessierten sind zum Vortrag eingeladen, der Eintritt ist frei.<\/p>\n<p>Anders als in der barocken Bl\u00fctezeit des Hochstifts Fulda werden vom sp\u00e4ten 18. Jahrhundert an f\u00fcr fast einhundert Jahre haupts\u00e4chlich einheimische Goldschmiede mit der Instandhaltung und Neuanfertigung liturgischer Ger\u00e4te beauftragt. Ihre Namen sind indes weitgehend unbekannt und ihre Werke f\u00fchren in den Sakristeien wie in der kunsthistorischen Forschung ein Schattendasein. Anhand ausgew\u00e4hlter Objekte werden charakteristische Merkmale der Arbeiten gezeigt. Erg\u00e4nzend gew\u00e4hren archivalische Zeugnisse Einblicke in die Gesch\u00e4ftsbedingungen der Goldschmiede und ihre Beziehungen zu ihren kirchlichen Auftraggebern.<\/p>\n","protected":false},"excerpt":{"rendered":"<div class=\"tmnf_excerpt\"><p>Der Fuldaer Geschichtsverein l\u00e4dt ein zu einem Vortrag am Donnerstag, 16. M\u00e4rz, um 19.30 Uhr im Kanzlerpalais, Unterm Heilig Kreuz, in Fulda. Die Referentin, Dr. Martina Jordan-Ruwe, spricht zum Thema \u201eFuldaer Goldschmiede zwischen Barock und Historismus\u201c. Alle Interessierten sind zum Vortrag eingeladen, der Eintritt ist frei. Anders als in der barocken Bl\u00fctezeit des Hochstifts Fulda &hellip;<\/p>\n<\/div>","protected":false},"author":1,"featured_media":160780,"comment_status":"closed","ping_status":"closed","sticky":false,"template":"","format":"standard","meta":{"footnotes":""},"categories":[1],"tags":[],"class_list":["post-160774","post","type-post","status-publish","format-standard","has-post-thumbnail","hentry","category-startseite"],"_links":{"self":[{"href":"https:\/\/www.fuldaernachrichten.de\/index.php?rest_route=\/wp\/v2\/posts\/160774","targetHints":{"allow":["GET"]}}],"collection":[{"href":"https:\/\/www.fuldaernachrichten.de\/index.php?rest_route=\/wp\/v2\/posts"}],"about":[{"href":"https:\/\/www.fuldaernachrichten.de\/index.php?rest_route=\/wp\/v2\/types\/post"}],"author":[{"embeddable":true,"href":"https:\/\/www.fuldaernachrichten.de\/index.php?rest_route=\/wp\/v2\/users\/1"}],"replies":[{"embeddable":true,"href":"https:\/\/www.fuldaernachrichten.de\/index.php?rest_route=%2Fwp%2Fv2%2Fcomments&post=160774"}],"version-history":[{"count":1,"href":"https:\/\/www.fuldaernachrichten.de\/index.php?rest_route=\/wp\/v2\/posts\/160774\/revisions"}],"predecessor-version":[{"id":160781,"href":"https:\/\/www.fuldaernachrichten.de\/index.php?rest_route=\/wp\/v2\/posts\/160774\/revisions\/160781"}],"wp:featuredmedia":[{"embeddable":true,"href":"https:\/\/www.fuldaernachrichten.de\/index.php?rest_route=\/wp\/v2\/media\/160780"}],"wp:attachment":[{"href":"https:\/\/www.fuldaernachrichten.de\/index.php?rest_route=%2Fwp%2Fv2%2Fmedia&parent=160774"}],"wp:term":[{"taxonomy":"category","embeddable":true,"href":"https:\/\/www.fuldaernachrichten.de\/index.php?rest_route=%2Fwp%2Fv2%2Fcategories&post=160774"},{"taxonomy":"post_tag","embeddable":true,"href":"https:\/\/www.fuldaernachrichten.de\/index.php?rest_route=%2Fwp%2Fv2%2Ftags&post=160774"}],"curies":[{"name":"wp","href":"https:\/\/api.w.org\/{rel}","templated":true}]}}