{"id":160773,"date":"2017-03-10T08:55:28","date_gmt":"2017-03-10T07:55:28","guid":{"rendered":"http:\/\/www.fuldaer-nachrichten.de\/?p=160773"},"modified":"2017-03-10T08:55:28","modified_gmt":"2017-03-10T07:55:28","slug":"zweite-ausschreibungsrunde-kulturkoffer-kindern-und-jugendlichen-in-lauterbach-die-tuer-zur-kultur-oeffnen","status":"publish","type":"post","link":"https:\/\/www.fuldaernachrichten.de\/?p=160773","title":{"rendered":"Zweite Ausschreibungsrunde Kulturkoffer &#8211; Kindern und Jugendlichen in Lauterbach die T\u00fcr zur Kultur \u00f6ffnen"},"content":{"rendered":"<p>Die Landtagsabgeordnete Eva Goldbach (DIE GR\u00dcNEN), freut sich mit dem Kulturverein Lauterbach e.V. und seinem Kooperationspartner, der Lauterbach Musikschule e.V. \u00fcber den F\u00f6rderbescheid, den Kulturminister, Boris Rhein heute an das Projekt vergeben hat. Der Kulturverein konnte sich bei der zweiten Ausschreibungsrunde des Projekts \u201eKulturkoffer\u201c bei der Jury mit Projekt \u201eHeimatMusik\u201c durchsetzen. Kinder und Jugendliche, die nach ihrer Flucht in Lauterbach angekommen sind, werden in die bestehenden Strukturen der lokalen Musikszene integriert. Ein gemeinsames Musikprogramm erm\u00f6glicht es, verschiedene Kulturen zusammenzuf\u00fchren. \u201eDer Kulturkoffer ist ein Projekt des Landes Hessen, das Kindern und Jugendlichem im Alter von 10 bis 16 Jahren Kultur mittels vielf\u00e4ltiger Programme n\u00e4her bringen soll\u201c, erkl\u00e4rt Eva Goldbach. \u201eDie Initiative kann sich \u00fcber insgesamt 11.140 Euro freuen. Das Angebot ist spannend und macht neugierig. Ich hoffe, dass sich viele Kinder und Jugendliche von der Idee der Vereine angesprochen f\u00fchlen und mitmachen.\u201c<\/p>\n<p>Vom 31. Oktober bis zum 15. Dezember 2016 konnten sich Akteure aus dem Kulturbereich wieder um Landesf\u00f6rdermittel bewerben. \u201e32 Initiativen haben die Jury mit ihren spannenden Aktionen und Konzepten \u00fcberzeugt. Daf\u00fcr werden sie mit insgesamt 531.000 Euro aus dem F\u00f6rdertopf des Kulturkoffers unterst\u00fctzt. \u201c, so Goldbach. \u201eDie gro\u00dfe Beteiligung an der zweiten Ausschreibungsrunde f\u00fcr F\u00f6rdermittel zeigt, dass das Modellprojekt Kulturkoffer gut angenommen wird. Der Kulturkoffer soll gerade Kindern, die bisher nur wenige kulturelle Angebote nutzen konnten, die M\u00f6glichkeit zur kulturellen Teilhabe verschaffen. Die Angebote sind daher kostenlos oder kosteng\u00fcnstig. Von Akrobatik \u00fcber Zirkus bis Breakdance, Literaturworkshops, Tanz- und Musikvorstellungen ist alles vertreten. Ein Gewinn f\u00fcr alle.\u201c<\/p>\n","protected":false},"excerpt":{"rendered":"<div class=\"tmnf_excerpt\"><p>Die Landtagsabgeordnete Eva Goldbach (DIE GR\u00dcNEN), freut sich mit dem Kulturverein Lauterbach e.V. und seinem Kooperationspartner, der Lauterbach Musikschule e.V. \u00fcber den F\u00f6rderbescheid, den Kulturminister, Boris Rhein heute an das Projekt vergeben hat. Der Kulturverein konnte sich bei der zweiten Ausschreibungsrunde des Projekts \u201eKulturkoffer\u201c bei der Jury mit Projekt \u201eHeimatMusik\u201c durchsetzen. Kinder und Jugendliche, die &hellip;<\/p>\n<\/div>","protected":false},"author":1,"featured_media":0,"comment_status":"closed","ping_status":"closed","sticky":false,"template":"","format":"standard","meta":{"footnotes":""},"categories":[1],"tags":[],"class_list":["post-160773","post","type-post","status-publish","format-standard","hentry","category-startseite"],"_links":{"self":[{"href":"https:\/\/www.fuldaernachrichten.de\/index.php?rest_route=\/wp\/v2\/posts\/160773","targetHints":{"allow":["GET"]}}],"collection":[{"href":"https:\/\/www.fuldaernachrichten.de\/index.php?rest_route=\/wp\/v2\/posts"}],"about":[{"href":"https:\/\/www.fuldaernachrichten.de\/index.php?rest_route=\/wp\/v2\/types\/post"}],"author":[{"embeddable":true,"href":"https:\/\/www.fuldaernachrichten.de\/index.php?rest_route=\/wp\/v2\/users\/1"}],"replies":[{"embeddable":true,"href":"https:\/\/www.fuldaernachrichten.de\/index.php?rest_route=%2Fwp%2Fv2%2Fcomments&post=160773"}],"version-history":[{"count":1,"href":"https:\/\/www.fuldaernachrichten.de\/index.php?rest_route=\/wp\/v2\/posts\/160773\/revisions"}],"predecessor-version":[{"id":160776,"href":"https:\/\/www.fuldaernachrichten.de\/index.php?rest_route=\/wp\/v2\/posts\/160773\/revisions\/160776"}],"wp:attachment":[{"href":"https:\/\/www.fuldaernachrichten.de\/index.php?rest_route=%2Fwp%2Fv2%2Fmedia&parent=160773"}],"wp:term":[{"taxonomy":"category","embeddable":true,"href":"https:\/\/www.fuldaernachrichten.de\/index.php?rest_route=%2Fwp%2Fv2%2Fcategories&post=160773"},{"taxonomy":"post_tag","embeddable":true,"href":"https:\/\/www.fuldaernachrichten.de\/index.php?rest_route=%2Fwp%2Fv2%2Ftags&post=160773"}],"curies":[{"name":"wp","href":"https:\/\/api.w.org\/{rel}","templated":true}]}}