{"id":160772,"date":"2017-03-10T08:55:08","date_gmt":"2017-03-10T07:55:08","guid":{"rendered":"http:\/\/www.fuldaer-nachrichten.de\/?p=160772"},"modified":"2017-03-10T08:55:08","modified_gmt":"2017-03-10T07:55:08","slug":"media-analyse-hr-hoerfunkprogramme-legen-zu","status":"publish","type":"post","link":"https:\/\/www.fuldaernachrichten.de\/?p=160772","title":{"rendered":"Media-Analyse: hr-H\u00f6rfunkprogramme legen zu"},"content":{"rendered":"<p>Immer mehr H\u00f6rer schalten hr1 ein, und auch hr-iNFO und hr2-kultur verbuchen Zuw\u00e4chse: Dies geht aus der Media-Analyse (ma) 2017\/I hervor, die am heutigen Mittwoch von der Arbeitsgemeinschaft Media-Analyse (agma) ver\u00f6ffentlicht wurde. Insgesamt behauptet das Radioangebot des Hessischen Rundfunks (hr) erneut seine f\u00fchrende Position im hessischen Radiomarkt. Werkt\u00e4glich schalten 2,401 Millionen Hessen die sechs H\u00f6rfunkprogramme ein. Das ist ein Zuwachs gegen\u00fcber der vergangenen ma um 136.000 H\u00f6rer. \u201eWir bedanken uns f\u00fcr das Vertrauen der H\u00f6rerinnen und H\u00f6rer in Hessen\u201c, erkl\u00e4rt hr-H\u00f6rfunkdirektor Dr. Heinz Sommer. \u201eMit unseren \u00f6ffentlich-rechtlichen Angeboten bieten wir im Dschungel der un\u00fcbersichtlichen Medienvielfalt eine wertvolle Konstante und Orientierung.\u201c Gerade die aktuellen Zahlen f\u00fcr hr-iNFO und hr1 mit ihren verl\u00e4sslichen Informationen seien ein Beleg daf\u00fcr.<\/p>\n<p>hr1 ist der gro\u00dfe Gewinner<br \/>\nBesonders hr1 hat zugelegt und wird nun von 197.000 H\u00f6rern eingeschaltet, ein Zuwachs von 23.000 in der Stunde. Auch das Informationsradio hr-iNFO verbucht deutliche Zuw\u00e4chse: 10.000 H\u00f6rer mehr bedeuten aktuell 54.000 H\u00f6rer. Leichte Zugewinne auch bei hr4, das Programm konnte sich auf 265.000 H\u00f6rer pro Stunde steigern. hr3 kommt aktuell auf 308.000 H\u00f6rer pro Durchschnittsstunde. YOU FM f\u00fchrt mit 87.000 H\u00f6rern zum dritten Mal in Folge vor dem Wettbewerber planet radio (74.000 H\u00f6rer) im jungen Radiomarkt. hr2-kultur, das werbefreie Radioangebot des hr verbucht werkt\u00e4glich 130.000 H\u00f6rer, das bedeutet ein Plus von 13.000.<\/p>\n","protected":false},"excerpt":{"rendered":"<div class=\"tmnf_excerpt\"><p>Immer mehr H\u00f6rer schalten hr1 ein, und auch hr-iNFO und hr2-kultur verbuchen Zuw\u00e4chse: Dies geht aus der Media-Analyse (ma) 2017\/I hervor, die am heutigen Mittwoch von der Arbeitsgemeinschaft Media-Analyse (agma) ver\u00f6ffentlicht wurde. Insgesamt behauptet das Radioangebot des Hessischen Rundfunks (hr) erneut seine f\u00fchrende Position im hessischen Radiomarkt. Werkt\u00e4glich schalten 2,401 Millionen Hessen die sechs H\u00f6rfunkprogramme &hellip;<\/p>\n<\/div>","protected":false},"author":1,"featured_media":0,"comment_status":"closed","ping_status":"closed","sticky":false,"template":"","format":"standard","meta":{"footnotes":""},"categories":[1],"tags":[],"class_list":["post-160772","post","type-post","status-publish","format-standard","hentry","category-startseite"],"_links":{"self":[{"href":"https:\/\/www.fuldaernachrichten.de\/index.php?rest_route=\/wp\/v2\/posts\/160772","targetHints":{"allow":["GET"]}}],"collection":[{"href":"https:\/\/www.fuldaernachrichten.de\/index.php?rest_route=\/wp\/v2\/posts"}],"about":[{"href":"https:\/\/www.fuldaernachrichten.de\/index.php?rest_route=\/wp\/v2\/types\/post"}],"author":[{"embeddable":true,"href":"https:\/\/www.fuldaernachrichten.de\/index.php?rest_route=\/wp\/v2\/users\/1"}],"replies":[{"embeddable":true,"href":"https:\/\/www.fuldaernachrichten.de\/index.php?rest_route=%2Fwp%2Fv2%2Fcomments&post=160772"}],"version-history":[{"count":1,"href":"https:\/\/www.fuldaernachrichten.de\/index.php?rest_route=\/wp\/v2\/posts\/160772\/revisions"}],"predecessor-version":[{"id":160775,"href":"https:\/\/www.fuldaernachrichten.de\/index.php?rest_route=\/wp\/v2\/posts\/160772\/revisions\/160775"}],"wp:attachment":[{"href":"https:\/\/www.fuldaernachrichten.de\/index.php?rest_route=%2Fwp%2Fv2%2Fmedia&parent=160772"}],"wp:term":[{"taxonomy":"category","embeddable":true,"href":"https:\/\/www.fuldaernachrichten.de\/index.php?rest_route=%2Fwp%2Fv2%2Fcategories&post=160772"},{"taxonomy":"post_tag","embeddable":true,"href":"https:\/\/www.fuldaernachrichten.de\/index.php?rest_route=%2Fwp%2Fv2%2Ftags&post=160772"}],"curies":[{"name":"wp","href":"https:\/\/api.w.org\/{rel}","templated":true}]}}