{"id":160769,"date":"2017-03-10T08:54:51","date_gmt":"2017-03-10T07:54:51","guid":{"rendered":"http:\/\/www.fuldaer-nachrichten.de\/?p=160769"},"modified":"2017-03-10T08:54:51","modified_gmt":"2017-03-10T07:54:51","slug":"iris-leibold-aus-fulda-ist-kandidatin-beim-grossen-hessenquiz","status":"publish","type":"post","link":"https:\/\/www.fuldaernachrichten.de\/?p=160769","title":{"rendered":"Iris Leibold aus Fulda ist Kandidatin beim gro\u00dfen \u201eHessenquiz\u201c"},"content":{"rendered":"<p>Gro\u00dfer TV-Auftritt f\u00fcr Iris Leibold aus Fulda im hr-fernsehen: Die 58-J\u00e4hrige Bibliothekarin ist am Sonntag, 12. M\u00e4rz, um 22.15 Uhr Kandidatin im gro\u00dfen \u201eHessenquiz\u201c mit J\u00f6rg Bombach. Sie und drei weitere Mitspieler m\u00fcssen knifflige Fragen rund um das Bundesland Hessen beantworten. Die Sendung wurde im Juli im Funkhaus am Dornbusch in Frankfurt aufgezeichnet.<\/p>\n<p>Iris Leibold und die weiteren Kandidaten m\u00fcssen am Sonntag unter anderem folgende Frage beantworten: Welches vor \u00fcber 225 Jahren von einem Hessen erfundene Getr\u00e4nk war der weltweit erste Softdrink?<\/p>\n<p>Vier Kandidaten treten im \u201eHessenquiz\u201c gegeneinander an. In drei Spielrunden stellt J\u00f6rg Bombach Fragen aus den Rubriken \u201eMacht &amp; Macher\u201c, \u201eVergissmeinnicht\u201c, \u201eKlatsch &amp; Leute\u201c und \u201eStadt\/Land\/Fluss\u201c. Au\u00dferdem m\u00fcssen die Mitspieler fit in hessischen Dialekten sein und sich beim Hessen-Tatort auskennen. F\u00fcr schwere Fragen gibt es einen Publikumsjoker. Au\u00dferdem k\u00f6nnen die Kandidaten einen Risikojoker ziehen, mit dem sie die gestellte Aufgabe f\u00fcr sich allein reservieren. Nach jeder Runde scheidet ein Kandidat aus, der Sieger steht nach drei Durchg\u00e4ngen fest.<\/p>\n","protected":false},"excerpt":{"rendered":"<div class=\"tmnf_excerpt\"><p>Gro\u00dfer TV-Auftritt f\u00fcr Iris Leibold aus Fulda im hr-fernsehen: Die 58-J\u00e4hrige Bibliothekarin ist am Sonntag, 12. M\u00e4rz, um 22.15 Uhr Kandidatin im gro\u00dfen \u201eHessenquiz\u201c mit J\u00f6rg Bombach. Sie und drei weitere Mitspieler m\u00fcssen knifflige Fragen rund um das Bundesland Hessen beantworten. Die Sendung wurde im Juli im Funkhaus am Dornbusch in Frankfurt aufgezeichnet. Iris Leibold &hellip;<\/p>\n<\/div>","protected":false},"author":1,"featured_media":160770,"comment_status":"closed","ping_status":"closed","sticky":false,"template":"","format":"standard","meta":{"footnotes":""},"categories":[1],"tags":[],"class_list":["post-160769","post","type-post","status-publish","format-standard","has-post-thumbnail","hentry","category-startseite"],"_links":{"self":[{"href":"https:\/\/www.fuldaernachrichten.de\/index.php?rest_route=\/wp\/v2\/posts\/160769","targetHints":{"allow":["GET"]}}],"collection":[{"href":"https:\/\/www.fuldaernachrichten.de\/index.php?rest_route=\/wp\/v2\/posts"}],"about":[{"href":"https:\/\/www.fuldaernachrichten.de\/index.php?rest_route=\/wp\/v2\/types\/post"}],"author":[{"embeddable":true,"href":"https:\/\/www.fuldaernachrichten.de\/index.php?rest_route=\/wp\/v2\/users\/1"}],"replies":[{"embeddable":true,"href":"https:\/\/www.fuldaernachrichten.de\/index.php?rest_route=%2Fwp%2Fv2%2Fcomments&post=160769"}],"version-history":[{"count":1,"href":"https:\/\/www.fuldaernachrichten.de\/index.php?rest_route=\/wp\/v2\/posts\/160769\/revisions"}],"predecessor-version":[{"id":160771,"href":"https:\/\/www.fuldaernachrichten.de\/index.php?rest_route=\/wp\/v2\/posts\/160769\/revisions\/160771"}],"wp:featuredmedia":[{"embeddable":true,"href":"https:\/\/www.fuldaernachrichten.de\/index.php?rest_route=\/wp\/v2\/media\/160770"}],"wp:attachment":[{"href":"https:\/\/www.fuldaernachrichten.de\/index.php?rest_route=%2Fwp%2Fv2%2Fmedia&parent=160769"}],"wp:term":[{"taxonomy":"category","embeddable":true,"href":"https:\/\/www.fuldaernachrichten.de\/index.php?rest_route=%2Fwp%2Fv2%2Fcategories&post=160769"},{"taxonomy":"post_tag","embeddable":true,"href":"https:\/\/www.fuldaernachrichten.de\/index.php?rest_route=%2Fwp%2Fv2%2Ftags&post=160769"}],"curies":[{"name":"wp","href":"https:\/\/api.w.org\/{rel}","templated":true}]}}