{"id":160754,"date":"2017-03-08T08:32:58","date_gmt":"2017-03-08T07:32:58","guid":{"rendered":"http:\/\/www.fuldaer-nachrichten.de\/?p=160754"},"modified":"2017-03-08T08:32:58","modified_gmt":"2017-03-08T07:32:58","slug":"seniorenveranstaltung-der-stadt-fulda-volkstuemliches-theater-fuer-senioren","status":"publish","type":"post","link":"https:\/\/www.fuldaernachrichten.de\/?p=160754","title":{"rendered":"Seniorenveranstaltung der Stadt Fulda &#8211; Volkst\u00fcmliches Theater f\u00fcr Senioren"},"content":{"rendered":"<p>Der Heimatverein Harmerz f\u00fchrt in diesem Jahr das unterhaltsame Theaterst\u00fcck \u201eUrlaub vom Eheb\u00e4tt\u201c in Rh\u00f6ner Mundart auf. Am Freitag, 31. M\u00e4rz und 7. April, findet jeweils um 14:00 Uhr im Vereinszentrum Johannesberg eine Nachmittags-Vorstellung f\u00fcr Senioren statt. Die Bushaltestelle Pionierstra\u00dfe der Buslinie 3, Richtung Istergiesel, liegt in der N\u00e4he des Vereinszentrums, so dass auch Personen ohne eigenes Auto den Auff\u00fchrungsort gut erreichen k\u00f6nnen.<\/p>\n<p>Karten zum Preis von 5 Euro erhalten Sie ab Donnerstag, 16. M\u00e4rz, im B\u00fcrgerb\u00fcro im Stadtschloss.<\/p>\n","protected":false},"excerpt":{"rendered":"<div class=\"tmnf_excerpt\"><p>Der Heimatverein Harmerz f\u00fchrt in diesem Jahr das unterhaltsame Theaterst\u00fcck \u201eUrlaub vom Eheb\u00e4tt\u201c in Rh\u00f6ner Mundart auf. Am Freitag, 31. M\u00e4rz und 7. April, findet jeweils um 14:00 Uhr im Vereinszentrum Johannesberg eine Nachmittags-Vorstellung f\u00fcr Senioren statt. Die Bushaltestelle Pionierstra\u00dfe der Buslinie 3, Richtung Istergiesel, liegt in der N\u00e4he des Vereinszentrums, so dass auch Personen &hellip;<\/p>\n<\/div>","protected":false},"author":1,"featured_media":0,"comment_status":"closed","ping_status":"closed","sticky":false,"template":"","format":"standard","meta":{"footnotes":""},"categories":[1],"tags":[],"class_list":["post-160754","post","type-post","status-publish","format-standard","hentry","category-startseite"],"_links":{"self":[{"href":"https:\/\/www.fuldaernachrichten.de\/index.php?rest_route=\/wp\/v2\/posts\/160754","targetHints":{"allow":["GET"]}}],"collection":[{"href":"https:\/\/www.fuldaernachrichten.de\/index.php?rest_route=\/wp\/v2\/posts"}],"about":[{"href":"https:\/\/www.fuldaernachrichten.de\/index.php?rest_route=\/wp\/v2\/types\/post"}],"author":[{"embeddable":true,"href":"https:\/\/www.fuldaernachrichten.de\/index.php?rest_route=\/wp\/v2\/users\/1"}],"replies":[{"embeddable":true,"href":"https:\/\/www.fuldaernachrichten.de\/index.php?rest_route=%2Fwp%2Fv2%2Fcomments&post=160754"}],"version-history":[{"count":1,"href":"https:\/\/www.fuldaernachrichten.de\/index.php?rest_route=\/wp\/v2\/posts\/160754\/revisions"}],"predecessor-version":[{"id":160757,"href":"https:\/\/www.fuldaernachrichten.de\/index.php?rest_route=\/wp\/v2\/posts\/160754\/revisions\/160757"}],"wp:attachment":[{"href":"https:\/\/www.fuldaernachrichten.de\/index.php?rest_route=%2Fwp%2Fv2%2Fmedia&parent=160754"}],"wp:term":[{"taxonomy":"category","embeddable":true,"href":"https:\/\/www.fuldaernachrichten.de\/index.php?rest_route=%2Fwp%2Fv2%2Fcategories&post=160754"},{"taxonomy":"post_tag","embeddable":true,"href":"https:\/\/www.fuldaernachrichten.de\/index.php?rest_route=%2Fwp%2Fv2%2Ftags&post=160754"}],"curies":[{"name":"wp","href":"https:\/\/api.w.org\/{rel}","templated":true}]}}