{"id":160744,"date":"2017-03-08T08:31:59","date_gmt":"2017-03-08T07:31:59","guid":{"rendered":"http:\/\/www.fuldaer-nachrichten.de\/?p=160744"},"modified":"2017-03-08T08:31:59","modified_gmt":"2017-03-08T07:31:59","slug":"vorschlagskorridor-fuer-suedlink-nicht-durch-den-landkreis-fulda","status":"publish","type":"post","link":"https:\/\/www.fuldaernachrichten.de\/?p=160744","title":{"rendered":"Vorschlagskorridor f\u00fcr SuedLink nicht durch den Landkreis Fulda"},"content":{"rendered":"<p>Positiv hat Landrat Bernd Woide auf die Ank\u00fcndigung des \u00dcbertragungsnetzbetreibers Tennet vom heutigen Tag reagiert, den Vorschlagskorridor f\u00fcr das sogenannte SuedLink-Projekt nicht durch den Landkreis Fulda zu f\u00fchren.<\/p>\n<p>Auf der Grundlage dieses Vorschlagskorridors wird Tennet nun einen Antrag auf Bundesfachplanung bei der Bundesnetzagentur stellen. Dieser Antrag ist der Beginn des eigentlichen Raumordnungsverfahrens f\u00fcr das SuedLink-Projekt.<br \/>\nDer Landkreis Fulda hatte sich bereits Ende November des letzten Jahres, also unmittelbar nach der Bekanntgabe der Korridorvarianten an Tennet gewandt, und in einer umfangreichen Stellungnahme auf die erheblichen Raumwiderst\u00e4nde f\u00fcr das SuedLink-Projekt im Kreisgebiet aufmerksam gemacht. Diese gravierenden Raumwiderst\u00e4nde sind nach Auffassung von Landrat Woide sicherlich auch einer der Gr\u00fcnde daf\u00fcr, die Tennet zu einem Vorschlagskorridor au\u00dferhalb der Region bewogen haben.<\/p>\n<p>Festzuhalten bleibt jedoch, dass die SuedLink-Korridore durch den Landkreis Fulda auch weiterhin von Tennet als Alternativplanungen Ber\u00fccksichtigung finden.<br \/>\nDer Landkreis Fulda wird daher auch im Rahmen des jetzt anstehenden Bundesfachplanungsverfahrens auf die gravierenden Raumwiderst\u00e4nde im Kreisgebiet, z. B. Ver- und Entsorgungsleitungen, bestehende Stromtrassen, Verkehrswege, st\u00e4dtebauliche Entwicklungsfl\u00e4chen und Naturschutzbelange, gegen\u00fcber der Bundesnetzagentur hinweisen.<\/p>\n","protected":false},"excerpt":{"rendered":"<div class=\"tmnf_excerpt\"><p>Positiv hat Landrat Bernd Woide auf die Ank\u00fcndigung des \u00dcbertragungsnetzbetreibers Tennet vom heutigen Tag reagiert, den Vorschlagskorridor f\u00fcr das sogenannte SuedLink-Projekt nicht durch den Landkreis Fulda zu f\u00fchren. Auf der Grundlage dieses Vorschlagskorridors wird Tennet nun einen Antrag auf Bundesfachplanung bei der Bundesnetzagentur stellen. Dieser Antrag ist der Beginn des eigentlichen Raumordnungsverfahrens f\u00fcr das SuedLink-Projekt. &hellip;<\/p>\n<\/div>","protected":false},"author":1,"featured_media":0,"comment_status":"closed","ping_status":"closed","sticky":false,"template":"","format":"standard","meta":{"footnotes":""},"categories":[1],"tags":[],"class_list":["post-160744","post","type-post","status-publish","format-standard","hentry","category-startseite"],"_links":{"self":[{"href":"https:\/\/www.fuldaernachrichten.de\/index.php?rest_route=\/wp\/v2\/posts\/160744","targetHints":{"allow":["GET"]}}],"collection":[{"href":"https:\/\/www.fuldaernachrichten.de\/index.php?rest_route=\/wp\/v2\/posts"}],"about":[{"href":"https:\/\/www.fuldaernachrichten.de\/index.php?rest_route=\/wp\/v2\/types\/post"}],"author":[{"embeddable":true,"href":"https:\/\/www.fuldaernachrichten.de\/index.php?rest_route=\/wp\/v2\/users\/1"}],"replies":[{"embeddable":true,"href":"https:\/\/www.fuldaernachrichten.de\/index.php?rest_route=%2Fwp%2Fv2%2Fcomments&post=160744"}],"version-history":[{"count":1,"href":"https:\/\/www.fuldaernachrichten.de\/index.php?rest_route=\/wp\/v2\/posts\/160744\/revisions"}],"predecessor-version":[{"id":160750,"href":"https:\/\/www.fuldaernachrichten.de\/index.php?rest_route=\/wp\/v2\/posts\/160744\/revisions\/160750"}],"wp:attachment":[{"href":"https:\/\/www.fuldaernachrichten.de\/index.php?rest_route=%2Fwp%2Fv2%2Fmedia&parent=160744"}],"wp:term":[{"taxonomy":"category","embeddable":true,"href":"https:\/\/www.fuldaernachrichten.de\/index.php?rest_route=%2Fwp%2Fv2%2Fcategories&post=160744"},{"taxonomy":"post_tag","embeddable":true,"href":"https:\/\/www.fuldaernachrichten.de\/index.php?rest_route=%2Fwp%2Fv2%2Ftags&post=160744"}],"curies":[{"name":"wp","href":"https:\/\/api.w.org\/{rel}","templated":true}]}}