{"id":160733,"date":"2017-03-08T08:32:31","date_gmt":"2017-03-08T07:32:31","guid":{"rendered":"http:\/\/www.fuldaer-nachrichten.de\/?p=160733"},"modified":"2017-03-08T08:32:31","modified_gmt":"2017-03-08T07:32:31","slug":"staedtischer-konzertchor-winfridia-bringt-tuerkisches-yunus-emre-oratorium-zur-auffuehrung","status":"publish","type":"post","link":"https:\/\/www.fuldaernachrichten.de\/?p=160733","title":{"rendered":"St\u00e4dtischer Konzertchor Winfridia bringt t\u00fcrkisches \u201eYunus Emre\u201c-Oratorium zur Auff\u00fchrung"},"content":{"rendered":"<p>Kontemplative Klangwogen und euphorischer Freudentaumel: Belohnt von minutenlagen Standing Ovations hat der St\u00e4dtische Konzertchor Winfridia am vergangenen Sonntagabend sein Fr\u00fchjahrskonzert im vollbesetzten Festsaal der Fuldaer Orangerie gegeben. Das musikalische Programm sah die Auff\u00fchrung von Ludwig van Beethovens 9. Sinfonie (\u201eOde an die Freude\u201c) sowie des \u201eYunus Emre-Oratoryosu\u201c Ahmed A. Sayguns vor. Beiden ist die Botschaft gemein: Die Kraft der Liebe, die alle Menschen miteinander verbindet, ist st\u00e4rker als Unterschiede in Kultur oder Religion.<\/p>\n<p>Gesangliche Brillanz<br \/>\nAusdrucksstark interpretierten die Gesangssolisten des Konzertabends, Christina R\u00fcmann (Sopran), Anna Haase (Mezzosopran), Kerem K\u00fcrkc\u00fcoglu (Tenor) und Hinrich Horn (Bassbariton), die solistischen Passagen. Technisch \u00fcberaus versiert und temperamentvoll in der Ausgestaltung f\u00fchrten sie das Publikum in Beethovens Sinfonie zum kr\u00f6nenden Ausruf \u201eAlle Menschen werden Br\u00fcder\u201c. In Sayguns Oratorium wurde die gesamte Bandbreite ihres gesanglichen K\u00f6nnens h\u00f6rbar, insbesondere in den treffend behutsam rezitierten Gebetspassagen.<\/p>\n<p>Hinrei\u00dfende Klangwelten<br \/>\nDem k\u00fcnstlerischen Leiter der Winfridia, Dirigent und Chorleiter Carsten Rupp, gelang es, Chorgesang, Orchesterbegleitung (Th\u00fcringen Philharmonie Gotha) und Solisten gleicherma\u00dfen zur Geltung kommen zu lassen und als Klangk\u00f6rper im Zusammenspiel zu halten. Im wechselvollen Ablauf des in Originalsprache aufgef\u00fchrten Yunus Emre-Oratoriums baute sich unter der dynamischen F\u00fchrung Rupps eine Klangwoge auf, die &#8211; unterbrochen von Sprecheinlagen und durchmischt von musikalischen Akzentverschiebungen &#8211; raumeinnehmend und mitrei\u00dfend war.<\/p>\n<p>Statement f\u00fcr V\u00f6lkerverst\u00e4ndigung und Menschlichkeit<br \/>\nPolitisch wolle der Konzertabend nicht sein, betonte der Erste Vorsitzende der Winfridia, Maximilian Traut, zu Beginn des Programms. Allerdings setze er bewusst ein Zeichen gegen jede Form selbstbesessener Machtbestrebungen und f\u00fcr Menschlichkeit. Der t\u00fcrkische Generalkonsul in Frankfurt, Burak Kararti, verwies in seinem in Englisch gehaltenen Gru\u00dfwort auf die verbindende Kraft der Musik, die \u00fcber unterschiedliche Kulturen und Glaubenssysteme hinweg wirke. Sozialdemokratin Birgit K\u00f6mpel (MdB) trug ein Gru\u00dfwort des Staatssekret\u00e4rs f\u00fcr Europa im Ausw\u00e4rtigen Amt, Michael Roth, vor, das angesichts der aktuellen politischen Lage in der T\u00fcrkei Demokratie, Rechtstaatlichkeit und Medienfreiheit anmahnte.<\/p>\n<p>Interessierter Austausch, gemeinsamer Genuss<br \/>\nDer Wunsch, unterschiedliche Menschen zusammenzuf\u00fchren, war nicht nur generelles Anliegen des Konzertabends, sondern wurde vor Ort auch direkt in die Tat umgesetzt. Alle Aktiven, Solisten, Chors\u00e4ngerinnen und -s\u00e4nger sowie Freunde und F\u00f6rderer der Winfridia, waren im Anschluss an die Auff\u00fchrung zum Empfang f\u00fcr die Ehreng\u00e4ste geladen. Begleitet von t\u00fcrkischen kulinarischen Spezialit\u00e4ten bestand reichlich Raum zum Austausch \u00fcber die j\u00fcngsten Konzerteindr\u00fccke sowie die k\u00fcnstlerische Botschaft des Abends: Uns Menschen verbindet mehr, als uns trennt!<\/p>\n","protected":false},"excerpt":{"rendered":"<div class=\"tmnf_excerpt\"><p>Kontemplative Klangwogen und euphorischer Freudentaumel: Belohnt von minutenlagen Standing Ovations hat der St\u00e4dtische Konzertchor Winfridia am vergangenen Sonntagabend sein Fr\u00fchjahrskonzert im vollbesetzten Festsaal der Fuldaer Orangerie gegeben. Das musikalische Programm sah die Auff\u00fchrung von Ludwig van Beethovens 9. Sinfonie (\u201eOde an die Freude\u201c) sowie des \u201eYunus Emre-Oratoryosu\u201c Ahmed A. Sayguns vor. Beiden ist die Botschaft &hellip;<\/p>\n<\/div>","protected":false},"author":1,"featured_media":160745,"comment_status":"closed","ping_status":"closed","sticky":false,"template":"","format":"gallery","meta":{"footnotes":""},"categories":[1],"tags":[],"class_list":["post-160733","post","type-post","status-publish","format-gallery","has-post-thumbnail","hentry","category-startseite","post_format-post-format-gallery"],"_links":{"self":[{"href":"https:\/\/www.fuldaernachrichten.de\/index.php?rest_route=\/wp\/v2\/posts\/160733","targetHints":{"allow":["GET"]}}],"collection":[{"href":"https:\/\/www.fuldaernachrichten.de\/index.php?rest_route=\/wp\/v2\/posts"}],"about":[{"href":"https:\/\/www.fuldaernachrichten.de\/index.php?rest_route=\/wp\/v2\/types\/post"}],"author":[{"embeddable":true,"href":"https:\/\/www.fuldaernachrichten.de\/index.php?rest_route=\/wp\/v2\/users\/1"}],"replies":[{"embeddable":true,"href":"https:\/\/www.fuldaernachrichten.de\/index.php?rest_route=%2Fwp%2Fv2%2Fcomments&post=160733"}],"version-history":[{"count":1,"href":"https:\/\/www.fuldaernachrichten.de\/index.php?rest_route=\/wp\/v2\/posts\/160733\/revisions"}],"predecessor-version":[{"id":160752,"href":"https:\/\/www.fuldaernachrichten.de\/index.php?rest_route=\/wp\/v2\/posts\/160733\/revisions\/160752"}],"wp:featuredmedia":[{"embeddable":true,"href":"https:\/\/www.fuldaernachrichten.de\/index.php?rest_route=\/wp\/v2\/media\/160745"}],"wp:attachment":[{"href":"https:\/\/www.fuldaernachrichten.de\/index.php?rest_route=%2Fwp%2Fv2%2Fmedia&parent=160733"}],"wp:term":[{"taxonomy":"category","embeddable":true,"href":"https:\/\/www.fuldaernachrichten.de\/index.php?rest_route=%2Fwp%2Fv2%2Fcategories&post=160733"},{"taxonomy":"post_tag","embeddable":true,"href":"https:\/\/www.fuldaernachrichten.de\/index.php?rest_route=%2Fwp%2Fv2%2Ftags&post=160733"}],"curies":[{"name":"wp","href":"https:\/\/api.w.org\/{rel}","templated":true}]}}