{"id":160729,"date":"2017-03-08T08:29:01","date_gmt":"2017-03-08T07:29:01","guid":{"rendered":"http:\/\/www.fuldaer-nachrichten.de\/?p=160729"},"modified":"2017-03-08T08:29:01","modified_gmt":"2017-03-08T07:29:01","slug":"silberschmuck-schnell-und-einfach-anfertigen","status":"publish","type":"post","link":"https:\/\/www.fuldaernachrichten.de\/?p=160729","title":{"rendered":"Silberschmuck schnell und einfach anfertigen"},"content":{"rendered":"<p>Ein Tagesseminar der Volkshochschule des Landkreises Fulda eignet sich f\u00fcr Teilnehmer mit und ohne Vorkenntnisse, die Silberschmuckst\u00fccke schnell und einfach anfertigen wollen, ohne lang feilen oder polieren zu m\u00fcssen. Der Kurs findet am Sonntag, 12. M\u00e4rz, von 9 Uhr bis 17 Uhr im Georg-Stieler-Haus, Gallasiniring 1, in Fulda statt. Infos und Anmeldung mit Kursnummer VO2060121 unter www.vhs-fulda.de oder Telefon (0661)6006-1600.<\/p>\n","protected":false},"excerpt":{"rendered":"<div class=\"tmnf_excerpt\"><p>Ein Tagesseminar der Volkshochschule des Landkreises Fulda eignet sich f\u00fcr Teilnehmer mit und ohne Vorkenntnisse, die Silberschmuckst\u00fccke schnell und einfach anfertigen wollen, ohne lang feilen oder polieren zu m\u00fcssen. Der Kurs findet am Sonntag, 12. M\u00e4rz, von 9 Uhr bis 17 Uhr im Georg-Stieler-Haus, Gallasiniring 1, in Fulda statt. Infos und Anmeldung mit Kursnummer VO2060121 &hellip;<\/p>\n<\/div>","protected":false},"author":1,"featured_media":0,"comment_status":"closed","ping_status":"closed","sticky":false,"template":"","format":"standard","meta":{"footnotes":""},"categories":[1],"tags":[],"class_list":["post-160729","post","type-post","status-publish","format-standard","hentry","category-startseite"],"_links":{"self":[{"href":"https:\/\/www.fuldaernachrichten.de\/index.php?rest_route=\/wp\/v2\/posts\/160729","targetHints":{"allow":["GET"]}}],"collection":[{"href":"https:\/\/www.fuldaernachrichten.de\/index.php?rest_route=\/wp\/v2\/posts"}],"about":[{"href":"https:\/\/www.fuldaernachrichten.de\/index.php?rest_route=\/wp\/v2\/types\/post"}],"author":[{"embeddable":true,"href":"https:\/\/www.fuldaernachrichten.de\/index.php?rest_route=\/wp\/v2\/users\/1"}],"replies":[{"embeddable":true,"href":"https:\/\/www.fuldaernachrichten.de\/index.php?rest_route=%2Fwp%2Fv2%2Fcomments&post=160729"}],"version-history":[{"count":1,"href":"https:\/\/www.fuldaernachrichten.de\/index.php?rest_route=\/wp\/v2\/posts\/160729\/revisions"}],"predecessor-version":[{"id":160731,"href":"https:\/\/www.fuldaernachrichten.de\/index.php?rest_route=\/wp\/v2\/posts\/160729\/revisions\/160731"}],"wp:attachment":[{"href":"https:\/\/www.fuldaernachrichten.de\/index.php?rest_route=%2Fwp%2Fv2%2Fmedia&parent=160729"}],"wp:term":[{"taxonomy":"category","embeddable":true,"href":"https:\/\/www.fuldaernachrichten.de\/index.php?rest_route=%2Fwp%2Fv2%2Fcategories&post=160729"},{"taxonomy":"post_tag","embeddable":true,"href":"https:\/\/www.fuldaernachrichten.de\/index.php?rest_route=%2Fwp%2Fv2%2Ftags&post=160729"}],"curies":[{"name":"wp","href":"https:\/\/api.w.org\/{rel}","templated":true}]}}