{"id":160719,"date":"2017-03-08T08:27:26","date_gmt":"2017-03-08T07:27:26","guid":{"rendered":"http:\/\/www.fuldaer-nachrichten.de\/?p=160719"},"modified":"2017-03-08T08:27:26","modified_gmt":"2017-03-08T07:27:26","slug":"abenteuercamp-der-kolpingjugend-in-der-rhoen-2","status":"publish","type":"post","link":"https:\/\/www.fuldaernachrichten.de\/?p=160719","title":{"rendered":"Abenteuercamp der Kolpingjugend in der Rh\u00f6n"},"content":{"rendered":"<p>Die Kolpingjugend im Bistum Fulda f\u00fchrt vom 07. \u2013 11. August 2017 ein Abenteuercamp in R\u00f6derhaid in der Rh\u00f6n durch. Teilnehmen k\u00f6nnen Kinder und Jugendliche im Alter von 8 \u2013 15 Jahren.<\/p>\n<p>Spannende Ausfl\u00fcge, Spa\u00df und Abenteuerlust, aber auch Gemeinschaft und Glaube sorgen f\u00fcr einzigartige Ferienerlebnisse. Der Preis betr\u00e4gt 90,00 \u00e2\u201a\u00ac f\u00fcr Mitglieder und 120,00 \u00e2\u201a\u00ac f\u00fcr Nichtmitglieder. Auf Grund der begrenzten Teilnehmerzahl bitten wir um Anmeldung bis zum 17. M\u00e4rz 2017. Informationen auch \u00fcber das Kolpingwerk unter 0661-10000 oder www.kolping-fulda.de.<\/p>\n","protected":false},"excerpt":{"rendered":"<div class=\"tmnf_excerpt\"><p>Die Kolpingjugend im Bistum Fulda f\u00fchrt vom 07. \u2013 11. August 2017 ein Abenteuercamp in R\u00f6derhaid in der Rh\u00f6n durch. Teilnehmen k\u00f6nnen Kinder und Jugendliche im Alter von 8 \u2013 15 Jahren. Spannende Ausfl\u00fcge, Spa\u00df und Abenteuerlust, aber auch Gemeinschaft und Glaube sorgen f\u00fcr einzigartige Ferienerlebnisse. Der Preis betr\u00e4gt 90,00 \u00e2\u201a\u00ac f\u00fcr Mitglieder und 120,00 &hellip;<\/p>\n<\/div>","protected":false},"author":1,"featured_media":0,"comment_status":"closed","ping_status":"closed","sticky":false,"template":"","format":"standard","meta":{"footnotes":""},"categories":[1],"tags":[],"class_list":["post-160719","post","type-post","status-publish","format-standard","hentry","category-startseite"],"_links":{"self":[{"href":"https:\/\/www.fuldaernachrichten.de\/index.php?rest_route=\/wp\/v2\/posts\/160719","targetHints":{"allow":["GET"]}}],"collection":[{"href":"https:\/\/www.fuldaernachrichten.de\/index.php?rest_route=\/wp\/v2\/posts"}],"about":[{"href":"https:\/\/www.fuldaernachrichten.de\/index.php?rest_route=\/wp\/v2\/types\/post"}],"author":[{"embeddable":true,"href":"https:\/\/www.fuldaernachrichten.de\/index.php?rest_route=\/wp\/v2\/users\/1"}],"replies":[{"embeddable":true,"href":"https:\/\/www.fuldaernachrichten.de\/index.php?rest_route=%2Fwp%2Fv2%2Fcomments&post=160719"}],"version-history":[{"count":1,"href":"https:\/\/www.fuldaernachrichten.de\/index.php?rest_route=\/wp\/v2\/posts\/160719\/revisions"}],"predecessor-version":[{"id":160722,"href":"https:\/\/www.fuldaernachrichten.de\/index.php?rest_route=\/wp\/v2\/posts\/160719\/revisions\/160722"}],"wp:attachment":[{"href":"https:\/\/www.fuldaernachrichten.de\/index.php?rest_route=%2Fwp%2Fv2%2Fmedia&parent=160719"}],"wp:term":[{"taxonomy":"category","embeddable":true,"href":"https:\/\/www.fuldaernachrichten.de\/index.php?rest_route=%2Fwp%2Fv2%2Fcategories&post=160719"},{"taxonomy":"post_tag","embeddable":true,"href":"https:\/\/www.fuldaernachrichten.de\/index.php?rest_route=%2Fwp%2Fv2%2Ftags&post=160719"}],"curies":[{"name":"wp","href":"https:\/\/api.w.org\/{rel}","templated":true}]}}