{"id":160710,"date":"2017-03-08T08:26:09","date_gmt":"2017-03-08T07:26:09","guid":{"rendered":"http:\/\/www.fuldaer-nachrichten.de\/?p=160710"},"modified":"2017-03-08T08:26:09","modified_gmt":"2017-03-08T07:26:09","slug":"vollsperrung-der-chattenstrasse-in-edelzell","status":"publish","type":"post","link":"https:\/\/www.fuldaernachrichten.de\/?p=160710","title":{"rendered":"Vollsperrung der Chattenstra\u00dfe in Edelzell"},"content":{"rendered":"<p>Wegen der umfangreichen Sanierungsarbeiten an der Chattenstra\u00dfe in Fulda-Edelzell sind mehrere Sperrungen unumg\u00e4nglich: Wie die Stra\u00dfenbeh\u00f6rde der Stadt Fulda mitteilt, beginnt am Montag, 13. M\u00e4rz, der n\u00e4chste Bauabschnitt der Sanierung. Ausgebaut wird zun\u00e4chst die H\u00e4lfte des Knotenpunktes Chattenstra\u00dfe\/Hohenlohestra\u00dfe\/Engelhelmser Stra\u00dfe. Die Vollsperrung der Chattenstra\u00dfe bzw. die halbseitige Sperrung der Hohenlohestra\u00dfe\/ Engelhelmser Stra\u00dfe erfolgt ab Samstag, 11. M\u00e4rz bis voraussichtlich zum 13. April 2017.<\/p>\n<p>Der Verkehr wird \u00fcber folgende Strecken umgeleitet:<br \/>\nAus Richtung Fulda in Richtung Pilgerzell: Von der Hohenlohestra\u00dfe \u00fcber die Bachrainer Stra\u00dfe, den Edelzeller Weg, die Turmstra\u00dfe, Bonifatiusstra\u00dfe und die K 56 zur Florenberger Stra\u00dfe.<\/p>\n<p>Aus Richtung Engelhelms: Von der Engelhelmser Stra\u00dfe \u00fcber die Edelzeller Stra\u00dfe, Pilgerzeller Stra\u00dfe, Wernaustra\u00dfe, Florastra\u00dfe und die K 56 zur Florenberger Stra\u00dfe und umgekehrt.<\/p>\n<p>Die beiden Haltestellen \u201eChattenstra\u00dfe\u201c des \u00d6PNV werden sowohl von der Linie 4 als auch vom Schulbus nicht mehr angefahren. Ersatzhaltestellen befinden sich in der Chattenstra\u00dfe in H\u00f6he der Anwesen Nr. 16 \u2013 18.<\/p>\n","protected":false},"excerpt":{"rendered":"<div class=\"tmnf_excerpt\"><p>Wegen der umfangreichen Sanierungsarbeiten an der Chattenstra\u00dfe in Fulda-Edelzell sind mehrere Sperrungen unumg\u00e4nglich: Wie die Stra\u00dfenbeh\u00f6rde der Stadt Fulda mitteilt, beginnt am Montag, 13. M\u00e4rz, der n\u00e4chste Bauabschnitt der Sanierung. Ausgebaut wird zun\u00e4chst die H\u00e4lfte des Knotenpunktes Chattenstra\u00dfe\/Hohenlohestra\u00dfe\/Engelhelmser Stra\u00dfe. Die Vollsperrung der Chattenstra\u00dfe bzw. die halbseitige Sperrung der Hohenlohestra\u00dfe\/ Engelhelmser Stra\u00dfe erfolgt ab Samstag, 11. &hellip;<\/p>\n<\/div>","protected":false},"author":1,"featured_media":160713,"comment_status":"closed","ping_status":"closed","sticky":false,"template":"","format":"standard","meta":{"footnotes":""},"categories":[1],"tags":[],"class_list":["post-160710","post","type-post","status-publish","format-standard","has-post-thumbnail","hentry","category-startseite"],"_links":{"self":[{"href":"https:\/\/www.fuldaernachrichten.de\/index.php?rest_route=\/wp\/v2\/posts\/160710","targetHints":{"allow":["GET"]}}],"collection":[{"href":"https:\/\/www.fuldaernachrichten.de\/index.php?rest_route=\/wp\/v2\/posts"}],"about":[{"href":"https:\/\/www.fuldaernachrichten.de\/index.php?rest_route=\/wp\/v2\/types\/post"}],"author":[{"embeddable":true,"href":"https:\/\/www.fuldaernachrichten.de\/index.php?rest_route=\/wp\/v2\/users\/1"}],"replies":[{"embeddable":true,"href":"https:\/\/www.fuldaernachrichten.de\/index.php?rest_route=%2Fwp%2Fv2%2Fcomments&post=160710"}],"version-history":[{"count":1,"href":"https:\/\/www.fuldaernachrichten.de\/index.php?rest_route=\/wp\/v2\/posts\/160710\/revisions"}],"predecessor-version":[{"id":160714,"href":"https:\/\/www.fuldaernachrichten.de\/index.php?rest_route=\/wp\/v2\/posts\/160710\/revisions\/160714"}],"wp:featuredmedia":[{"embeddable":true,"href":"https:\/\/www.fuldaernachrichten.de\/index.php?rest_route=\/wp\/v2\/media\/160713"}],"wp:attachment":[{"href":"https:\/\/www.fuldaernachrichten.de\/index.php?rest_route=%2Fwp%2Fv2%2Fmedia&parent=160710"}],"wp:term":[{"taxonomy":"category","embeddable":true,"href":"https:\/\/www.fuldaernachrichten.de\/index.php?rest_route=%2Fwp%2Fv2%2Fcategories&post=160710"},{"taxonomy":"post_tag","embeddable":true,"href":"https:\/\/www.fuldaernachrichten.de\/index.php?rest_route=%2Fwp%2Fv2%2Ftags&post=160710"}],"curies":[{"name":"wp","href":"https:\/\/api.w.org\/{rel}","templated":true}]}}