{"id":160683,"date":"2017-03-08T08:21:07","date_gmt":"2017-03-08T07:21:07","guid":{"rendered":"http:\/\/www.fuldaer-nachrichten.de\/?p=160683"},"modified":"2017-03-08T08:21:07","modified_gmt":"2017-03-08T07:21:07","slug":"fruehjahrsmarkt-beim-kolpingwerk-fulda-kunsthandwerk-live-und-osterartikel","status":"publish","type":"post","link":"https:\/\/www.fuldaernachrichten.de\/?p=160683","title":{"rendered":"Fr\u00fchjahrsmarkt beim Kolpingwerk Fulda \u2013 Kunsthandwerk live und Osterartikel"},"content":{"rendered":"<p>Das Kolpingwerk Fulda l\u00e4dt ein zum ersten Fr\u00fchjahrsmarkt im Kolpingshop. Am Freitag, 17. M\u00e4rz 2017 zwischen 14.00 und 17.30 Uhr wird in der Christian-Wirth-Str. 16 Verschiedenes angeboten und vorgestellt:<\/p>\n<p>Bemalung und Verkauf von H\u00fchnereiern mit traditionellen Mustern sowie Gestaltung und Verkauf individueller Kerzen;<br \/>\nau\u00dferdem B\u00fccher, Geschenkhefte, Pr\u00e4sente sowie Holzhandwerk zu Ostern, Kommunion und anderen Anl\u00e4ssen.<\/p>\n<p>Bei Kaffee und Kuchen kann man den Einkauf gem\u00fctlich ausklingen lassen. Der Erl\u00f6s gegen Spende kommt der OsterAktion des Kolpingwerks zugute, die in diesem Jahr das Jugendhilfezentrum Don Bosco in Sannerz und das Kolping-Berufsbildungszentrum Ruanda unterst\u00fctzt.<\/p>\n","protected":false},"excerpt":{"rendered":"<div class=\"tmnf_excerpt\"><p>Das Kolpingwerk Fulda l\u00e4dt ein zum ersten Fr\u00fchjahrsmarkt im Kolpingshop. Am Freitag, 17. M\u00e4rz 2017 zwischen 14.00 und 17.30 Uhr wird in der Christian-Wirth-Str. 16 Verschiedenes angeboten und vorgestellt: Bemalung und Verkauf von H\u00fchnereiern mit traditionellen Mustern sowie Gestaltung und Verkauf individueller Kerzen; au\u00dferdem B\u00fccher, Geschenkhefte, Pr\u00e4sente sowie Holzhandwerk zu Ostern, Kommunion und anderen Anl\u00e4ssen. &hellip;<\/p>\n<\/div>","protected":false},"author":1,"featured_media":0,"comment_status":"closed","ping_status":"closed","sticky":false,"template":"","format":"standard","meta":{"footnotes":""},"categories":[1],"tags":[],"class_list":["post-160683","post","type-post","status-publish","format-standard","hentry","category-startseite"],"_links":{"self":[{"href":"https:\/\/www.fuldaernachrichten.de\/index.php?rest_route=\/wp\/v2\/posts\/160683","targetHints":{"allow":["GET"]}}],"collection":[{"href":"https:\/\/www.fuldaernachrichten.de\/index.php?rest_route=\/wp\/v2\/posts"}],"about":[{"href":"https:\/\/www.fuldaernachrichten.de\/index.php?rest_route=\/wp\/v2\/types\/post"}],"author":[{"embeddable":true,"href":"https:\/\/www.fuldaernachrichten.de\/index.php?rest_route=\/wp\/v2\/users\/1"}],"replies":[{"embeddable":true,"href":"https:\/\/www.fuldaernachrichten.de\/index.php?rest_route=%2Fwp%2Fv2%2Fcomments&post=160683"}],"version-history":[{"count":1,"href":"https:\/\/www.fuldaernachrichten.de\/index.php?rest_route=\/wp\/v2\/posts\/160683\/revisions"}],"predecessor-version":[{"id":160687,"href":"https:\/\/www.fuldaernachrichten.de\/index.php?rest_route=\/wp\/v2\/posts\/160683\/revisions\/160687"}],"wp:attachment":[{"href":"https:\/\/www.fuldaernachrichten.de\/index.php?rest_route=%2Fwp%2Fv2%2Fmedia&parent=160683"}],"wp:term":[{"taxonomy":"category","embeddable":true,"href":"https:\/\/www.fuldaernachrichten.de\/index.php?rest_route=%2Fwp%2Fv2%2Fcategories&post=160683"},{"taxonomy":"post_tag","embeddable":true,"href":"https:\/\/www.fuldaernachrichten.de\/index.php?rest_route=%2Fwp%2Fv2%2Ftags&post=160683"}],"curies":[{"name":"wp","href":"https:\/\/api.w.org\/{rel}","templated":true}]}}