{"id":160680,"date":"2017-03-08T08:20:44","date_gmt":"2017-03-08T07:20:44","guid":{"rendered":"http:\/\/www.fuldaer-nachrichten.de\/?p=160680"},"modified":"2017-03-08T08:20:44","modified_gmt":"2017-03-08T07:20:44","slug":"nachhaltigkeit-frueh-lernen-und-leben","status":"publish","type":"post","link":"https:\/\/www.fuldaernachrichten.de\/?p=160680","title":{"rendered":"Nachhaltigkeit fr\u00fch lernen und leben"},"content":{"rendered":"<p>Fachtagung am Mittwoch, 8. M\u00e4rz, besch\u00e4ftigt sich mit dem Thema \u201eBildung f\u00fcr Nachhaltige Entwicklung (BNE)\u201c \/ Praxisbeispiele in Workshops<\/p>\n<p>\u201eNachhaltig zu leben, zu denken und zu wirtschaften n\u00fctzt allen: der Gesellschaft, dem Klima und den knapper werdenden Ressourcen. Ich bin mir sicher: Je fr\u00fcher ein Bewusstsein f\u00fcr ein nachhaltiges Handeln entwickelt wird, umso selbstverst\u00e4ndlicher wird es Teil des Alltags\u201c, sagte Umweltministerin Priska Hinz im Vorfeld der Fachtagung \u201eNachhaltigkeit lernen in Hessen\u201c in der Hochschule Fulda. Am kommenden Mittwoch, 8. M\u00e4rz 2017, werden rund 250 Teilnehmerinnen und Teilnehmer dar\u00fcber diskutieren, inwieweit Bildung Schl\u00fcssel f\u00fcr den Wandel hin zu einer nachhaltigen Gesellschaft sein kann und sein muss. Veranstaltet wird die Fachtagung von der Nachhaltigkeitsstrategie Hessen und dem Hessischen Umweltministerium, ausgerichtet von der Arbeitsgemeinschaft Natur und Umweltbildung Hessen e.V. mit Unterst\u00fctzung des VCI Hessen.<\/p>\n<p>Unter dem Stichwort \u201eBildung f\u00fcr Nachhaltige Entwicklung\u201c, kurz BNE, hat Hessen bereits beispielhafte Projekte umgesetzt \u2013 etwa das Landesprogramm Umweltschule oder das Zertifizierungsverfahren \u201eBildungstr\u00e4ger f\u00fcr nachhaltige Entwicklung\u201c. Damit setzt sich das Land Hessen f\u00fcr eine Bildung ein, die vorausschauendes und systemisches Denken f\u00f6rdert und zu zukunftsf\u00e4higem Denken und Handeln bef\u00e4higt. Dazu geh\u00f6rt zum einen Herausforderungen wie die Globalisierung und den Klimawandel zu verstehen. Zum anderen geht es aber auch darum, mit technischen M\u00f6glichkeiten, sozialen oder wirtschaftlichen Innovationen umgehen zu k\u00f6nnen. Und schlie\u00dflich erfordert es auch den Willen, gemeinsam neue Wege zu einer nachhaltigen, gerechten und lebenswerten Gesellschaft zu gehen.<\/p>\n<p>Bei der Fachtagung in Fulda zeigen Expertinnen und Experten aus Hochschulen und Allgemeinbildenden Schulen, aus Umweltbildungszentren und aus der Industrie, wie nachhaltiges Lernen schon bei Sch\u00fclerinnen und Sch\u00fclern funktionieren kann: In den Naturwissenschaften, in der entwicklungspolitischen Bildung und in der Umwelt- und Naturerziehung.<\/p>\n<p>Er\u00f6ffnet wird die Tagung mit der Keynote des Direktors des Deutschen Instituts f\u00fcr Entwicklungspolitik, Prof. Dr. Dirk Messner, zu globalen Herausforderungen. Renommierte Experten geben anschlie\u00dfend Impulse zur Bildung f\u00fcr nachhaltige Entwicklung in der Grundschule, den weiterf\u00fchrenden Schulen und der beruflichen Bildung. Schwerpunktthema des Tages ist der MINT-Unterricht, also Mathematik, Informatik, Naturwissenschaft und Technik.<\/p>\n<p>Nachmittags kann in 15 Workshops Praxiserfahrung gesammelt werden: Grundschulen lernen, wie sie Energie schlau nutzen oder wie sie \u201eKunos coole Kunststoffkiste\u201c im Unterricht einsetzen k\u00f6nnen. Weiterf\u00fchrende Schulen richten eine Weltladen AG ein, erproben sich beim Solarrennen Rhein Main und erfahren, was die 4.000 Liter Wasser, die wir pro Tag \u201eeinkaufen\u201c, mit der Austrocknung des Aralsees in Kasachstan zu tun haben. Auch Themen wie Biodiversit\u00e4t in \u201eWilden Ecken\u201c, \u201eSchicksale des Klimawandels\u201c und nachhaltige Ern\u00e4hrung sind vertreten. Eingerahmt werden die Vortr\u00e4ge und Workshops vom Markt der M\u00f6glichkeiten mit Bildungspartnern und Projekten aus Hessen. F\u00fcr eine fachkundige und kurzweilige Moderation sorgt Dr. Tanja Busse, Autorin von \u201eDie Wegwerfkuh\u201c und Tr\u00e4gerin des Journalistenpreises \u201eBio\u201c.<\/p>\n<p>Information zur Veranstaltung:<br \/>\nMittwoch, 8. M\u00e4rz 2017, 10 Uhr bis 16.30 Uhr, Hochschule Fulda<\/p>\n","protected":false},"excerpt":{"rendered":"<div class=\"tmnf_excerpt\"><p>Fachtagung am Mittwoch, 8. M\u00e4rz, besch\u00e4ftigt sich mit dem Thema \u201eBildung f\u00fcr Nachhaltige Entwicklung (BNE)\u201c \/ Praxisbeispiele in Workshops \u201eNachhaltig zu leben, zu denken und zu wirtschaften n\u00fctzt allen: der Gesellschaft, dem Klima und den knapper werdenden Ressourcen. Ich bin mir sicher: Je fr\u00fcher ein Bewusstsein f\u00fcr ein nachhaltiges Handeln entwickelt wird, umso selbstverst\u00e4ndlicher wird &hellip;<\/p>\n<\/div>","protected":false},"author":1,"featured_media":0,"comment_status":"closed","ping_status":"closed","sticky":false,"template":"","format":"standard","meta":{"footnotes":""},"categories":[1],"tags":[],"class_list":["post-160680","post","type-post","status-publish","format-standard","hentry","category-startseite"],"_links":{"self":[{"href":"https:\/\/www.fuldaernachrichten.de\/index.php?rest_route=\/wp\/v2\/posts\/160680","targetHints":{"allow":["GET"]}}],"collection":[{"href":"https:\/\/www.fuldaernachrichten.de\/index.php?rest_route=\/wp\/v2\/posts"}],"about":[{"href":"https:\/\/www.fuldaernachrichten.de\/index.php?rest_route=\/wp\/v2\/types\/post"}],"author":[{"embeddable":true,"href":"https:\/\/www.fuldaernachrichten.de\/index.php?rest_route=\/wp\/v2\/users\/1"}],"replies":[{"embeddable":true,"href":"https:\/\/www.fuldaernachrichten.de\/index.php?rest_route=%2Fwp%2Fv2%2Fcomments&post=160680"}],"version-history":[{"count":1,"href":"https:\/\/www.fuldaernachrichten.de\/index.php?rest_route=\/wp\/v2\/posts\/160680\/revisions"}],"predecessor-version":[{"id":160684,"href":"https:\/\/www.fuldaernachrichten.de\/index.php?rest_route=\/wp\/v2\/posts\/160680\/revisions\/160684"}],"wp:attachment":[{"href":"https:\/\/www.fuldaernachrichten.de\/index.php?rest_route=%2Fwp%2Fv2%2Fmedia&parent=160680"}],"wp:term":[{"taxonomy":"category","embeddable":true,"href":"https:\/\/www.fuldaernachrichten.de\/index.php?rest_route=%2Fwp%2Fv2%2Fcategories&post=160680"},{"taxonomy":"post_tag","embeddable":true,"href":"https:\/\/www.fuldaernachrichten.de\/index.php?rest_route=%2Fwp%2Fv2%2Ftags&post=160680"}],"curies":[{"name":"wp","href":"https:\/\/api.w.org\/{rel}","templated":true}]}}