{"id":160677,"date":"2017-03-08T08:19:39","date_gmt":"2017-03-08T07:19:39","guid":{"rendered":"http:\/\/www.fuldaer-nachrichten.de\/?p=160677"},"modified":"2017-03-08T08:19:39","modified_gmt":"2017-03-08T07:19:39","slug":"tegut-sortiment-ab-sofort-bei-amazon-erhaeltlich-mit-anmerkung-der-redaktion","status":"publish","type":"post","link":"https:\/\/www.fuldaernachrichten.de\/?p=160677","title":{"rendered":"tegut\u00e2\u20ac\u00a6 Sortiment ab sofort bei Amazon erh\u00e4ltlich &#8211; mit Anmerkung der Redaktion"},"content":{"rendered":"<p>tegut\u00e2\u20ac\u00a6 arbeitet kontinuierlich daran, seine Produkte f\u00fcr neue Konsumentengruppen verf\u00fcgbar zu machen und vor allem die tegut\u00e2\u20ac\u00a6 Eigenmarken mit dem tegut\u00e2\u20ac\u00a6 Reinheitsversprechen auch au\u00dferhalb des Stammgebietes und der Laden\u00f6ffnungszeiten anbieten zu k\u00f6nnen.<\/p>\n<p>In diesem Zuge kooperiert tegut\u00e2\u20ac\u00a6 ab sofort mit Amazon, um den erfolgreichen Online-Vertriebskanal mit seinem effizienten Logistiknetzwerk zu nutzen. Damit erm\u00f6glicht tegut\u00e2\u20ac\u00a6 Amazon Kunden den Zugang zu tausenden neuen Produkten aus dem Trockensortiment. Von Nudeln bis Zahnpasta steht das tegut\u00e2\u20ac\u00a6 Angebot allen Amazon.de-, Amazon Prime Now- und Amazon Pantry-Kunden ab sofort zur Verf\u00fcgung.<\/p>\n<p>Thomas Gutberlet, tegut\u00e2\u20ac\u00a6 Gesch\u00e4ftsf\u00fchrer, ist davon \u00fcberzeugt, dass tegut\u00e2\u20ac\u00a6 mit Amazon den passenden Partner gefunden hat: \u201eDurch die Partnerschaft mit Amazon k\u00f6nnen wir Kunden Zugang zu tausenden neuen Produkten erm\u00f6glichen und b\u00fcndeln nachhaltig die Ressourcen ohne einen weiteren Vertriebskanal aufzubauen\u201c.<\/p>\n<p>Anmerkung der Redaktion: Kauft regionale Produkte bei regionalen Anbietern, kleinen L\u00e4den oder \u00f6rtlichen Wochenm\u00e4rkten. Amazon ist einer der Gr\u00fcnde, warum regionale Wirtschaft den Bach runter geht. Ich h\u00e4tte diesen Schritt von Aldi, Penny oder Real erwartet; nicht aber von tegut&#8230;, die einst f\u00fcr gute &#8220;regionale&#8221; Lebensmittel standen. Sorry &#8211; ein Schritt in die falsche Richtung!<\/p>\n","protected":false},"excerpt":{"rendered":"<div class=\"tmnf_excerpt\"><p>tegut\u00e2\u20ac\u00a6 arbeitet kontinuierlich daran, seine Produkte f\u00fcr neue Konsumentengruppen verf\u00fcgbar zu machen und vor allem die tegut\u00e2\u20ac\u00a6 Eigenmarken mit dem tegut\u00e2\u20ac\u00a6 Reinheitsversprechen auch au\u00dferhalb des Stammgebietes und der Laden\u00f6ffnungszeiten anbieten zu k\u00f6nnen. In diesem Zuge kooperiert tegut\u00e2\u20ac\u00a6 ab sofort mit Amazon, um den erfolgreichen Online-Vertriebskanal mit seinem effizienten Logistiknetzwerk zu nutzen. Damit erm\u00f6glicht tegut\u00e2\u20ac\u00a6 Amazon &hellip;<\/p>\n<\/div>","protected":false},"author":1,"featured_media":0,"comment_status":"closed","ping_status":"closed","sticky":false,"template":"","format":"standard","meta":{"footnotes":""},"categories":[1],"tags":[],"class_list":["post-160677","post","type-post","status-publish","format-standard","hentry","category-startseite"],"_links":{"self":[{"href":"https:\/\/www.fuldaernachrichten.de\/index.php?rest_route=\/wp\/v2\/posts\/160677","targetHints":{"allow":["GET"]}}],"collection":[{"href":"https:\/\/www.fuldaernachrichten.de\/index.php?rest_route=\/wp\/v2\/posts"}],"about":[{"href":"https:\/\/www.fuldaernachrichten.de\/index.php?rest_route=\/wp\/v2\/types\/post"}],"author":[{"embeddable":true,"href":"https:\/\/www.fuldaernachrichten.de\/index.php?rest_route=\/wp\/v2\/users\/1"}],"replies":[{"embeddable":true,"href":"https:\/\/www.fuldaernachrichten.de\/index.php?rest_route=%2Fwp%2Fv2%2Fcomments&post=160677"}],"version-history":[{"count":1,"href":"https:\/\/www.fuldaernachrichten.de\/index.php?rest_route=\/wp\/v2\/posts\/160677\/revisions"}],"predecessor-version":[{"id":160678,"href":"https:\/\/www.fuldaernachrichten.de\/index.php?rest_route=\/wp\/v2\/posts\/160677\/revisions\/160678"}],"wp:attachment":[{"href":"https:\/\/www.fuldaernachrichten.de\/index.php?rest_route=%2Fwp%2Fv2%2Fmedia&parent=160677"}],"wp:term":[{"taxonomy":"category","embeddable":true,"href":"https:\/\/www.fuldaernachrichten.de\/index.php?rest_route=%2Fwp%2Fv2%2Fcategories&post=160677"},{"taxonomy":"post_tag","embeddable":true,"href":"https:\/\/www.fuldaernachrichten.de\/index.php?rest_route=%2Fwp%2Fv2%2Ftags&post=160677"}],"curies":[{"name":"wp","href":"https:\/\/api.w.org\/{rel}","templated":true}]}}