{"id":160654,"date":"2017-03-07T09:00:44","date_gmt":"2017-03-07T08:00:44","guid":{"rendered":"http:\/\/www.fuldaer-nachrichten.de\/?p=160654"},"modified":"2017-03-07T09:00:44","modified_gmt":"2017-03-07T08:00:44","slug":"tagesausfluege-fuer-jugendliche-in-den-osterferien-musikmesse-und-fussballmuseum-im-blickpunkt","status":"publish","type":"post","link":"https:\/\/www.fuldaernachrichten.de\/?p=160654","title":{"rendered":"Tagesausfl\u00fcge f\u00fcr Jugendliche in den Osterferien  Musikmesse und Fu\u00dfballmuseum im Blickpunkt"},"content":{"rendered":"<p><a href=\"http:\/\/www.fuldaer-nachrichten.de\/wp-content\/uploads\/2017\/03\/Quelle-Musikmesse.jpg\"><img decoding=\"async\" class=\"alignleft size-thumbnail wp-image-160661\" src=\"http:\/\/www.fuldaer-nachrichten.de\/wp-content\/uploads\/2017\/03\/Quelle-Musikmesse-265x176.jpg\" alt=\"\" width=\"265\" height=\"176\" srcset=\"https:\/\/www.fuldaernachrichten.de\/wp-content\/uploads\/2017\/03\/Quelle-Musikmesse-265x176.jpg 265w, https:\/\/www.fuldaernachrichten.de\/wp-content\/uploads\/2017\/03\/Quelle-Musikmesse-768x511.jpg 768w, https:\/\/www.fuldaernachrichten.de\/wp-content\/uploads\/2017\/03\/Quelle-Musikmesse-600x399.jpg 600w, https:\/\/www.fuldaernachrichten.de\/wp-content\/uploads\/2017\/03\/Quelle-Musikmesse.jpg 900w\" sizes=\"(max-width: 265px) 100vw, 265px\" \/><\/a>Das Jugendbildungswerk der Stadt Fulda f\u00fchrt in den kommenden Osterferien zwei spannende Tagesfahrten f\u00fcr junge Leute durch, die ihre Ferien zu Hause verbringen.<\/p>\n<p>Am Samstag, 8. April, k\u00f6nnen sich Musiker, DJs und Musikbegeisterte ab 14 Jahren auf der Musikmesse in Frankfurt \u00fcber die aktuellen Produktneuheiten rund um das Musizieren informieren.<\/p>\n<p><a href=\"http:\/\/www.fuldaer-nachrichten.de\/wp-content\/uploads\/2017\/03\/Quelle-Deutsches-Fu\u00dfballmuseum.jpg\"><img decoding=\"async\" class=\"alignleft size-thumbnail wp-image-160662\" src=\"http:\/\/www.fuldaer-nachrichten.de\/wp-content\/uploads\/2017\/03\/Quelle-Deutsches-Fu\u00dfballmuseum-265x177.jpg\" alt=\"\" width=\"265\" height=\"177\" \/><\/a>Das Ph\u00e4nomen Fu\u00dfball und seine Faszination lernen Jugendliche ab 13. Jahren am Mittwoch, 12. April, im neuen und modern gestalteten Deutschen Fu\u00dfball-museum in Dortmund n\u00e4her kennen. Themen sind sowohl der nationale Vereinsfu\u00dfball als auch die deutsche Nationalmannschaft.<\/p>\n<p>F\u00fcr alle Interessierten stehen noch freie Pl\u00e4tze zur Verf\u00fcgung, Anmeldungen sind unter www.bildung-freizeit.de m\u00f6glich.<\/p>\n<p>Genauere Informationen erteilt Ulli Greb unter Telefon (0661) 102-1990.<\/p>\n","protected":false},"excerpt":{"rendered":"<div class=\"tmnf_excerpt\"><p>Das Jugendbildungswerk der Stadt Fulda f\u00fchrt in den kommenden Osterferien zwei spannende Tagesfahrten f\u00fcr junge Leute durch, die ihre Ferien zu Hause verbringen. Am Samstag, 8. April, k\u00f6nnen sich Musiker, DJs und Musikbegeisterte ab 14 Jahren auf der Musikmesse in Frankfurt \u00fcber die aktuellen Produktneuheiten rund um das Musizieren informieren. Das Ph\u00e4nomen Fu\u00dfball und seine &hellip;<\/p>\n<\/div>","protected":false},"author":1,"featured_media":160660,"comment_status":"closed","ping_status":"closed","sticky":false,"template":"","format":"standard","meta":{"footnotes":""},"categories":[1],"tags":[],"class_list":["post-160654","post","type-post","status-publish","format-standard","has-post-thumbnail","hentry","category-startseite"],"_links":{"self":[{"href":"https:\/\/www.fuldaernachrichten.de\/index.php?rest_route=\/wp\/v2\/posts\/160654","targetHints":{"allow":["GET"]}}],"collection":[{"href":"https:\/\/www.fuldaernachrichten.de\/index.php?rest_route=\/wp\/v2\/posts"}],"about":[{"href":"https:\/\/www.fuldaernachrichten.de\/index.php?rest_route=\/wp\/v2\/types\/post"}],"author":[{"embeddable":true,"href":"https:\/\/www.fuldaernachrichten.de\/index.php?rest_route=\/wp\/v2\/users\/1"}],"replies":[{"embeddable":true,"href":"https:\/\/www.fuldaernachrichten.de\/index.php?rest_route=%2Fwp%2Fv2%2Fcomments&post=160654"}],"version-history":[{"count":1,"href":"https:\/\/www.fuldaernachrichten.de\/index.php?rest_route=\/wp\/v2\/posts\/160654\/revisions"}],"predecessor-version":[{"id":160665,"href":"https:\/\/www.fuldaernachrichten.de\/index.php?rest_route=\/wp\/v2\/posts\/160654\/revisions\/160665"}],"wp:featuredmedia":[{"embeddable":true,"href":"https:\/\/www.fuldaernachrichten.de\/index.php?rest_route=\/wp\/v2\/media\/160660"}],"wp:attachment":[{"href":"https:\/\/www.fuldaernachrichten.de\/index.php?rest_route=%2Fwp%2Fv2%2Fmedia&parent=160654"}],"wp:term":[{"taxonomy":"category","embeddable":true,"href":"https:\/\/www.fuldaernachrichten.de\/index.php?rest_route=%2Fwp%2Fv2%2Fcategories&post=160654"},{"taxonomy":"post_tag","embeddable":true,"href":"https:\/\/www.fuldaernachrichten.de\/index.php?rest_route=%2Fwp%2Fv2%2Ftags&post=160654"}],"curies":[{"name":"wp","href":"https:\/\/api.w.org\/{rel}","templated":true}]}}