{"id":160639,"date":"2017-03-07T08:56:36","date_gmt":"2017-03-07T07:56:36","guid":{"rendered":"http:\/\/www.fuldaer-nachrichten.de\/?p=160639"},"modified":"2017-03-07T08:56:36","modified_gmt":"2017-03-07T07:56:36","slug":"forstamt-schotten-trifft-vorbereitungen-zur-wiederkehr-des-luchses","status":"publish","type":"post","link":"https:\/\/www.fuldaernachrichten.de\/?p=160639","title":{"rendered":"Forstamt Schotten trifft Vorbereitungen zur Wiederkehr des Luchses"},"content":{"rendered":"<p>Seit einigen Jahren streift der Luchs wieder durch Hessens W\u00e4lder. Der Vogelsberg stellt einen optimalen Lebensraum dar: gro\u00dfr\u00e4umig, unzerschnitten, ruhig. Doch noch ist das heimliche Pinselohr hier nicht zu hause. Gemeinsam mit Natursch\u00fctzern, J\u00e4gern und Schafhaltern setzen sich die Forstleute daf\u00fcr ein, ihn eines Tages im Vogelsberg willkommen zu hei\u00dfen.<\/p>\n<p>\u201eDem Luchs im Vogelsberg endlich wieder ein Zuhause zu bieten, ist schon lange ein Traum von uns!\u201c, w\u00fcnscht sich Dr. Berndt Ott, Forstamtsleiter in Schotten. Um herauszufinden, ob die Gro\u00dfkatze hier bereits ihre F\u00e4hrte zieht, fand ein von HessenForst initiiertes Monitoring bereits in den Jahren 2011 bis 2013 statt. Bisher haben die Wildkameras zwar keinen Luchs \u201eertappt\u201c, doch im Forstamt ist klar: Wenn der Luchs kommt, soll er sich im Vogelsberg wohlf\u00fchlen. \u201eEs ist wichtig, dass sich die Bev\u00f6lkerung auf die Anwesenheit dieser faszinierenden Tierart einstellen kann\u201c erkl\u00e4rt Ott, \u201eDer Wille, den Luchs zu unterst\u00fctzen, muss in der Region verankert sein. Nur wenn man aufkl\u00e4rt und um Verst\u00e4ndnis wirbt, ist ein harmonisch Miteinander m\u00f6glich\u201c.<br \/>\nGemeinsam f\u00fcr den Luchs<\/p>\n<p>Um eine m\u00f6glichst breite Akzeptanz f\u00fcr den Luchs zu erreichen, ist Teamwork gefragt. Schnell war klar: das geht nicht allein, hier m\u00fcssen alle an einem Strang ziehen. Dazu arbeitet HessenForst eng mit \u00f6rtlichen Natursch\u00fctzern von BUND, Nabu und SDW, J\u00e4gern und dem Schafhalterverein Vogelsberg zusammen. Im Oktober 2016 dann ein erster Meilenstein: die Gr\u00fcndung des F\u00f6rdervereins Vogelsberg-Luchs e. V. Unter dem Motto \u201eAufkl\u00e4rung, Resonanz, Toleranz\u201c wird die Bev\u00f6lkerung k\u00fcnftig nicht nur rund um den Luchs informiert \u2013 sie kann auch aktiv mithelfen. Waldbesucher sollten Luchs-Beobachtungen per E-Mail oder telefonisch an die Luchsbeauftragten des Forstamtes Schotten melden. Auch alle F\u00f6rsterinnen und F\u00f6rster sind eingewiesen. Hilfreich sind genaue Ortsbeschreibungen und Fotos. Die Luchsexperten von HessenForst geben die Meldungen an die AG Hessenluchs weiter.<br \/>\nAugen (auf) wie ein Luchs.<\/p>\n<p>Im Fr\u00fchjahr verlassen die Jungtiere des Vorjahres ihre Mutter und machen sich auf die Suche nach einem eigenen Revier. Auf der Wanderung legen sie oft weite Strecken zur\u00fcck, bis sich ein geeigneter, gut strukturierter Lebensraum gefunden hat. Wachsam sein beim n\u00e4chsten Waldbesuch kann sich also lohnen: Haben Waldbesucher einen Luchs beobachtet, freuen sich der F\u00f6rderverein Vogelsberg Luchs und HessenForst \u00fcber entsprechende Hinweise \u2013 am besten mit Bild.<\/p>\n","protected":false},"excerpt":{"rendered":"<div class=\"tmnf_excerpt\"><p>Seit einigen Jahren streift der Luchs wieder durch Hessens W\u00e4lder. Der Vogelsberg stellt einen optimalen Lebensraum dar: gro\u00dfr\u00e4umig, unzerschnitten, ruhig. Doch noch ist das heimliche Pinselohr hier nicht zu hause. Gemeinsam mit Natursch\u00fctzern, J\u00e4gern und Schafhaltern setzen sich die Forstleute daf\u00fcr ein, ihn eines Tages im Vogelsberg willkommen zu hei\u00dfen. \u201eDem Luchs im Vogelsberg endlich &hellip;<\/p>\n<\/div>","protected":false},"author":1,"featured_media":0,"comment_status":"closed","ping_status":"closed","sticky":false,"template":"","format":"standard","meta":{"footnotes":""},"categories":[1],"tags":[],"class_list":["post-160639","post","type-post","status-publish","format-standard","hentry","category-startseite"],"_links":{"self":[{"href":"https:\/\/www.fuldaernachrichten.de\/index.php?rest_route=\/wp\/v2\/posts\/160639","targetHints":{"allow":["GET"]}}],"collection":[{"href":"https:\/\/www.fuldaernachrichten.de\/index.php?rest_route=\/wp\/v2\/posts"}],"about":[{"href":"https:\/\/www.fuldaernachrichten.de\/index.php?rest_route=\/wp\/v2\/types\/post"}],"author":[{"embeddable":true,"href":"https:\/\/www.fuldaernachrichten.de\/index.php?rest_route=\/wp\/v2\/users\/1"}],"replies":[{"embeddable":true,"href":"https:\/\/www.fuldaernachrichten.de\/index.php?rest_route=%2Fwp%2Fv2%2Fcomments&post=160639"}],"version-history":[{"count":1,"href":"https:\/\/www.fuldaernachrichten.de\/index.php?rest_route=\/wp\/v2\/posts\/160639\/revisions"}],"predecessor-version":[{"id":160646,"href":"https:\/\/www.fuldaernachrichten.de\/index.php?rest_route=\/wp\/v2\/posts\/160639\/revisions\/160646"}],"wp:attachment":[{"href":"https:\/\/www.fuldaernachrichten.de\/index.php?rest_route=%2Fwp%2Fv2%2Fmedia&parent=160639"}],"wp:term":[{"taxonomy":"category","embeddable":true,"href":"https:\/\/www.fuldaernachrichten.de\/index.php?rest_route=%2Fwp%2Fv2%2Fcategories&post=160639"},{"taxonomy":"post_tag","embeddable":true,"href":"https:\/\/www.fuldaernachrichten.de\/index.php?rest_route=%2Fwp%2Fv2%2Ftags&post=160639"}],"curies":[{"name":"wp","href":"https:\/\/api.w.org\/{rel}","templated":true}]}}