{"id":160629,"date":"2017-03-06T09:44:33","date_gmt":"2017-03-06T08:44:33","guid":{"rendered":"http:\/\/www.fuldaer-nachrichten.de\/?p=160629"},"modified":"2017-03-06T09:44:33","modified_gmt":"2017-03-06T08:44:33","slug":"einkehrtag-der-wallduernwallfahrer-in-thalau-6","status":"publish","type":"post","link":"https:\/\/www.fuldaernachrichten.de\/?p=160629","title":{"rendered":"Einkehrtag der Walld\u00fcrnwallfahrer in Thalau"},"content":{"rendered":"<p>Zum Einkehrtag der Walld\u00fcrn \u2013 Wallfahrer am Sonntag, 12. M\u00e4rz in Thalau\/ Rh\u00f6n l\u00e4dt die Wallfahrtsleitung alle Wallfahrer, Angeh\u00f6rige und Interessierte herzlich ein. Der Einkehrtag beginnt um 14.00 Uhr in der dortigen Pfarrkirche mit dem Pilgerkreuzweg. Bei Kaffee und Kuchen im B\u00fcrgerhaus besteht au\u00dferdem die M\u00f6glichkeit zum Gespr\u00e4ch. Bruder Ottmar von antonius \u2013 Netzwerk Mensch spricht \u00fcber das Thema: \u201eJeder Mensch ist anders\u201c. Au\u00dferdem werden zwei Kurzfilme gezeigt. Mit dem Gottesdienst um 18.00 Uhr mit Bruder Ottmar, OFM in der Thalauer Pfarrkirche, die von den Walld\u00fcrnmusikern mitgestaltet wird, endet der Einkehrtag. Eine Anmeldung ist nicht erforderlich. Wallfahrtsb\u00fccher sowie Waren aus Missionsgebieten k\u00f6nnen erworben werden.<\/p>\n","protected":false},"excerpt":{"rendered":"<div class=\"tmnf_excerpt\"><p>Zum Einkehrtag der Walld\u00fcrn \u2013 Wallfahrer am Sonntag, 12. M\u00e4rz in Thalau\/ Rh\u00f6n l\u00e4dt die Wallfahrtsleitung alle Wallfahrer, Angeh\u00f6rige und Interessierte herzlich ein. Der Einkehrtag beginnt um 14.00 Uhr in der dortigen Pfarrkirche mit dem Pilgerkreuzweg. Bei Kaffee und Kuchen im B\u00fcrgerhaus besteht au\u00dferdem die M\u00f6glichkeit zum Gespr\u00e4ch. Bruder Ottmar von antonius \u2013 Netzwerk Mensch &hellip;<\/p>\n<\/div>","protected":false},"author":1,"featured_media":160630,"comment_status":"closed","ping_status":"closed","sticky":false,"template":"","format":"standard","meta":{"footnotes":""},"categories":[1],"tags":[],"class_list":["post-160629","post","type-post","status-publish","format-standard","has-post-thumbnail","hentry","category-startseite"],"_links":{"self":[{"href":"https:\/\/www.fuldaernachrichten.de\/index.php?rest_route=\/wp\/v2\/posts\/160629","targetHints":{"allow":["GET"]}}],"collection":[{"href":"https:\/\/www.fuldaernachrichten.de\/index.php?rest_route=\/wp\/v2\/posts"}],"about":[{"href":"https:\/\/www.fuldaernachrichten.de\/index.php?rest_route=\/wp\/v2\/types\/post"}],"author":[{"embeddable":true,"href":"https:\/\/www.fuldaernachrichten.de\/index.php?rest_route=\/wp\/v2\/users\/1"}],"replies":[{"embeddable":true,"href":"https:\/\/www.fuldaernachrichten.de\/index.php?rest_route=%2Fwp%2Fv2%2Fcomments&post=160629"}],"version-history":[{"count":1,"href":"https:\/\/www.fuldaernachrichten.de\/index.php?rest_route=\/wp\/v2\/posts\/160629\/revisions"}],"predecessor-version":[{"id":160631,"href":"https:\/\/www.fuldaernachrichten.de\/index.php?rest_route=\/wp\/v2\/posts\/160629\/revisions\/160631"}],"wp:featuredmedia":[{"embeddable":true,"href":"https:\/\/www.fuldaernachrichten.de\/index.php?rest_route=\/wp\/v2\/media\/160630"}],"wp:attachment":[{"href":"https:\/\/www.fuldaernachrichten.de\/index.php?rest_route=%2Fwp%2Fv2%2Fmedia&parent=160629"}],"wp:term":[{"taxonomy":"category","embeddable":true,"href":"https:\/\/www.fuldaernachrichten.de\/index.php?rest_route=%2Fwp%2Fv2%2Fcategories&post=160629"},{"taxonomy":"post_tag","embeddable":true,"href":"https:\/\/www.fuldaernachrichten.de\/index.php?rest_route=%2Fwp%2Fv2%2Ftags&post=160629"}],"curies":[{"name":"wp","href":"https:\/\/api.w.org\/{rel}","templated":true}]}}