{"id":160596,"date":"2017-03-05T18:57:32","date_gmt":"2017-03-05T17:57:32","guid":{"rendered":"http:\/\/www.fuldaer-nachrichten.de\/?p=160596"},"modified":"2017-03-05T18:57:32","modified_gmt":"2017-03-05T17:57:32","slug":"carsten-schuetz-aus-dipperz-ist-quizkandidat-bei-wer-weiss-es","status":"publish","type":"post","link":"https:\/\/www.fuldaernachrichten.de\/?p=160596","title":{"rendered":"Carsten Sch\u00fctz aus Dipperz ist Quizkandidat bei \u201eWer weiss es?\u201c"},"content":{"rendered":"<p>Carsten Sch\u00fctz aus Dipperz ist am Sonntagabend, 26. Februar, Quizkandidat beim beliebten TV-Quiz \u201eWer weiss es?\u201c. Um 0.15 Uhr stellt sich der 45 Jahre alte Direktor am Sozialgericht den Fragen von Moderatorin Petra Theisen. Die Sendung im neuen Studio wurde im Dezember 2016 im Frankfurter Funkhaus am Dornbusch aufgezeichnet.<\/p>\n<p>Carsten Sch\u00fctz ist verheiratet und hat drei Kinder. In seiner Freizeit l\u00f6st er am liebsten Kreuzwortr\u00e4tsel. Je kniffliger das R\u00e4tsel, desto besser. Er liebt Soduku und ist ein gro\u00dfer Fan von Fernseh-Quizshows.<\/p>\n<p>Vier Kandidaten stellen sich Sonntag f\u00fcr Sonntag in mehreren Spielrunden den Wissensfragen von Petra Theisen, l\u00f6sen Silben- und Kreuzwortr\u00e4tsel und erraten Bilder und Musiktitel. Dabei geht es nat\u00fcrlich auch um Geschwindigkeit: Wer ist der Schnellste und Cleverste? Wer gewinnt das Finale und nimmt bis zu 1.000 Euro mit nach Hause?<\/p>\n<p>Das hr-fernsehen sendet \u201ewer weiss es?\u201c w\u00f6chentlich im Rahmen des Ratesonntags \u2013 nach den Spielshows \u201eDas gro\u00dfe Hessenquiz\u201c, \u201eDings vom Dach\u201c und \u201estrassen stars\u201c.<\/p>\n","protected":false},"excerpt":{"rendered":"<div class=\"tmnf_excerpt\"><p>Carsten Sch\u00fctz aus Dipperz ist am Sonntagabend, 26. Februar, Quizkandidat beim beliebten TV-Quiz \u201eWer weiss es?\u201c. Um 0.15 Uhr stellt sich der 45 Jahre alte Direktor am Sozialgericht den Fragen von Moderatorin Petra Theisen. Die Sendung im neuen Studio wurde im Dezember 2016 im Frankfurter Funkhaus am Dornbusch aufgezeichnet. Carsten Sch\u00fctz ist verheiratet und hat &hellip;<\/p>\n<\/div>","protected":false},"author":1,"featured_media":160602,"comment_status":"closed","ping_status":"closed","sticky":false,"template":"","format":"standard","meta":{"footnotes":""},"categories":[1],"tags":[],"class_list":["post-160596","post","type-post","status-publish","format-standard","has-post-thumbnail","hentry","category-startseite"],"_links":{"self":[{"href":"https:\/\/www.fuldaernachrichten.de\/index.php?rest_route=\/wp\/v2\/posts\/160596","targetHints":{"allow":["GET"]}}],"collection":[{"href":"https:\/\/www.fuldaernachrichten.de\/index.php?rest_route=\/wp\/v2\/posts"}],"about":[{"href":"https:\/\/www.fuldaernachrichten.de\/index.php?rest_route=\/wp\/v2\/types\/post"}],"author":[{"embeddable":true,"href":"https:\/\/www.fuldaernachrichten.de\/index.php?rest_route=\/wp\/v2\/users\/1"}],"replies":[{"embeddable":true,"href":"https:\/\/www.fuldaernachrichten.de\/index.php?rest_route=%2Fwp%2Fv2%2Fcomments&post=160596"}],"version-history":[{"count":1,"href":"https:\/\/www.fuldaernachrichten.de\/index.php?rest_route=\/wp\/v2\/posts\/160596\/revisions"}],"predecessor-version":[{"id":160603,"href":"https:\/\/www.fuldaernachrichten.de\/index.php?rest_route=\/wp\/v2\/posts\/160596\/revisions\/160603"}],"wp:featuredmedia":[{"embeddable":true,"href":"https:\/\/www.fuldaernachrichten.de\/index.php?rest_route=\/wp\/v2\/media\/160602"}],"wp:attachment":[{"href":"https:\/\/www.fuldaernachrichten.de\/index.php?rest_route=%2Fwp%2Fv2%2Fmedia&parent=160596"}],"wp:term":[{"taxonomy":"category","embeddable":true,"href":"https:\/\/www.fuldaernachrichten.de\/index.php?rest_route=%2Fwp%2Fv2%2Fcategories&post=160596"},{"taxonomy":"post_tag","embeddable":true,"href":"https:\/\/www.fuldaernachrichten.de\/index.php?rest_route=%2Fwp%2Fv2%2Ftags&post=160596"}],"curies":[{"name":"wp","href":"https:\/\/api.w.org\/{rel}","templated":true}]}}