{"id":160595,"date":"2017-03-05T18:56:58","date_gmt":"2017-03-05T17:56:58","guid":{"rendered":"http:\/\/www.fuldaer-nachrichten.de\/?p=160595"},"modified":"2017-03-05T18:56:58","modified_gmt":"2017-03-05T17:56:58","slug":"birgit-koempel-sprach-mit-vertretern-des-gesundheitsnetzes-osthessen-ueber-aerztliche-versorgung","status":"publish","type":"post","link":"https:\/\/www.fuldaernachrichten.de\/?p=160595","title":{"rendered":"Birgit K\u00f6mpel sprach mit Vertretern des Gesundheitsnetzes Osthessen \u00fcber \u00e4rztliche Versorgung"},"content":{"rendered":"<p>&#8220;Wir m\u00fcssen daf\u00fcr sorgen, dass bei uns auch in Zukunft die \u00e4rztliche Versorgung auf dem Lande passt, die Menschen schnell einen Facharzttermin erhalten und ihren Arzt frei w\u00e4hlen k\u00f6nnen\u201c, sagte die Bundestagsageordnete Birgit K\u00f6mpel im Gespr\u00e4ch mit Vertretern des Gesundheitsnetz Osthessen (GNO). Im GNO\u00c2\u00a0 sind etwa 150 \u00c4rzte aus dem Kreis Fulda sowie aus Teilen des Vogelsbergkreises organisiert. Sie tauschen sich gegenseitig aus, entwickeln gemeinsam Leitlinien bei Krankheitsbildern, laden zu Tagungen und Veranstaltungen f\u00fcr Patienten ein.<\/p>\n<p>\u201eEine Einzelpraxis auf dem Land ist in Zukunft fast nicht mehr zu stemmen\u201c, sagt Michael Conze, Mitglied im Aufsichtsrat des GNO. \u201eWas kann das Gesundheitsnetz Osthessen tun, um mitzuhelfen, dass die Versorgung im Kreis Fulda und im Vogelsbergkreis zu gew\u00e4hrleisten?\u201c, fragte Birgit K\u00f6mpel.\u00c2\u00a0 \u201eWichtig w\u00e4re, wenn \u00c4rztenetze als Leistungserbringer anerkannt w\u00fcrden\u201c, sagt Daniel Nolte, Aufsichtsratsvorsitzender des GNO. Leistungserbringer werden all diejenigen Personengruppen genannt, die Leistungen f\u00fcr die Versicherten der Krankenkassen erbringen. Zu Leistungserbringer z\u00e4hlen Vertrags\u00e4rzte, Apotheken, Physiotherapeuten, Hebammen.<br \/>\nLeistungserbringer k\u00f6nnen nat\u00fcrliche Personen (zum Beispiel niedergelassene \u00c4rzte), juristische Personen (zum Beispiel GmbHs und GbRs) und Organisationen (zum Beispiel Krankenh\u00e4user) sein. \u00c4rztenetze geh\u00f6ren bislang nicht dazu. \u201eWerden wir nicht bei den Leistungserbringern aufgenommen, werden wir nicht bei den Innovationsfonds ber\u00fccksichtigt\u201c, sagt Vorstandsmitglied Christoph M\u00fcller. Gibt es keine F\u00f6rderung, kann das GNO nicht t\u00e4tig werden. \u201eDurch unsere Kontakte wissen wir, wann ein Arzt seine Praxis aufgeben m\u00f6chte und k\u00f6nnten bei der Nachfolgersuche behilflich sein. Aber daf\u00fcr muss man Anreize bieten\u201c, sagt Bernhard Licht, langj\u00e4hriger Arzt in Eichenzell-Rothemann und GNO-Vorstandsmitglied.<\/p>\n<p>Birgit K\u00f6mpel brachte den Einsatz eines Medibusses ins Gespr\u00e4ch. Bei diesem Projekt der Bahn f\u00e4hrt ein Bus, der zur Praxis umfunktioniert wurde, mit Arzt\/\u00c4rztin durch die Ortschaften und behandelt Patienten. Er\u00f6rtert wurde auch die Schaffung von \u00c4rztezentren in einzelnen Gemeinden.<\/p>\n<p>Birgit K\u00f6mpel versprach den \u00c4rzten, sich in Berlin daf\u00fcr einzusetzen, dass \u00c4rztenetze k\u00fcnftig den Status \u201eLeistungserbringer\u201c erhalten werden: \u201eDie \u00e4rztliche Versorgung in unserer Region muss gew\u00e4hrleistet sein\u201c, sagte die Sozialdemokratin zusammenfassend.<\/p>\n","protected":false},"excerpt":{"rendered":"<div class=\"tmnf_excerpt\"><p>&#8220;Wir m\u00fcssen daf\u00fcr sorgen, dass bei uns auch in Zukunft die \u00e4rztliche Versorgung auf dem Lande passt, die Menschen schnell einen Facharzttermin erhalten und ihren Arzt frei w\u00e4hlen k\u00f6nnen\u201c, sagte die Bundestagsageordnete Birgit K\u00f6mpel im Gespr\u00e4ch mit Vertretern des Gesundheitsnetz Osthessen (GNO). Im GNO\u00c2\u00a0 sind etwa 150 \u00c4rzte aus dem Kreis Fulda sowie aus Teilen &hellip;<\/p>\n<\/div>","protected":false},"author":1,"featured_media":160600,"comment_status":"closed","ping_status":"closed","sticky":false,"template":"","format":"standard","meta":{"footnotes":""},"categories":[1],"tags":[],"class_list":["post-160595","post","type-post","status-publish","format-standard","has-post-thumbnail","hentry","category-startseite"],"_links":{"self":[{"href":"https:\/\/www.fuldaernachrichten.de\/index.php?rest_route=\/wp\/v2\/posts\/160595","targetHints":{"allow":["GET"]}}],"collection":[{"href":"https:\/\/www.fuldaernachrichten.de\/index.php?rest_route=\/wp\/v2\/posts"}],"about":[{"href":"https:\/\/www.fuldaernachrichten.de\/index.php?rest_route=\/wp\/v2\/types\/post"}],"author":[{"embeddable":true,"href":"https:\/\/www.fuldaernachrichten.de\/index.php?rest_route=\/wp\/v2\/users\/1"}],"replies":[{"embeddable":true,"href":"https:\/\/www.fuldaernachrichten.de\/index.php?rest_route=%2Fwp%2Fv2%2Fcomments&post=160595"}],"version-history":[{"count":1,"href":"https:\/\/www.fuldaernachrichten.de\/index.php?rest_route=\/wp\/v2\/posts\/160595\/revisions"}],"predecessor-version":[{"id":160601,"href":"https:\/\/www.fuldaernachrichten.de\/index.php?rest_route=\/wp\/v2\/posts\/160595\/revisions\/160601"}],"wp:featuredmedia":[{"embeddable":true,"href":"https:\/\/www.fuldaernachrichten.de\/index.php?rest_route=\/wp\/v2\/media\/160600"}],"wp:attachment":[{"href":"https:\/\/www.fuldaernachrichten.de\/index.php?rest_route=%2Fwp%2Fv2%2Fmedia&parent=160595"}],"wp:term":[{"taxonomy":"category","embeddable":true,"href":"https:\/\/www.fuldaernachrichten.de\/index.php?rest_route=%2Fwp%2Fv2%2Fcategories&post=160595"},{"taxonomy":"post_tag","embeddable":true,"href":"https:\/\/www.fuldaernachrichten.de\/index.php?rest_route=%2Fwp%2Fv2%2Ftags&post=160595"}],"curies":[{"name":"wp","href":"https:\/\/api.w.org\/{rel}","templated":true}]}}