{"id":160572,"date":"2017-03-02T07:07:37","date_gmt":"2017-03-02T06:07:37","guid":{"rendered":"http:\/\/www.fuldaer-nachrichten.de\/?p=160572"},"modified":"2017-03-02T07:07:37","modified_gmt":"2017-03-02T06:07:37","slug":"hessenenergie-zieht-bauantrag-fu%cc%88r-windkraftanlagen-zuru%cc%88ck","status":"publish","type":"post","link":"https:\/\/www.fuldaernachrichten.de\/?p=160572","title":{"rendered":"HessenEnergie zieht Bauantrag fu\u00cc\u02c6r Windkraftanlagen zuru\u00cc\u02c6ck"},"content":{"rendered":"<p>Auf Anfrage von Hosenfelds Bu\u00cc\u02c6rgermeister Peter Malolepszy (CDU) teilte das Regierungspr\u00e4sidium in Gie\u00dfen mit, dass die HessenEnergie-Gesellschaft ihren Bauantrag zur Errichtung von mindestens drei Windr\u00e4dern Anfang Januar zuru\u00cc\u02c6ckgezogen hat. Diese sollten laut Bauantrag aus dem Jahr 2013 in Grebenhain-Metzlos nahe der Grenze zu Henfeld in H\u00f6he von Jossa errichtet werden. Zun\u00e4chst war der Antrag auf acht Anlagen mit einer jeweiligen H\u00f6he von rund 200 Metern ausgelegt. Die Anlagen h\u00e4tten sich auf dem Bergkamm von Jossa u\u00cc\u02c6ber Poppenrod bis nach Hosenfeld verteilt. Sp\u00e4ter sollte die Zahl auf drei reduziert werden. Dies h\u00e4tte vor allem das Gebiet in der \u201eWerschbach\u201c bei Jossa<br \/>\nbetroffen.<\/p>\n<p>Dank dem jahrelangen Kampf der in Jossa gegru\u00cc\u02c6ndeten Bu\u00cc\u02c6rgerinitiative \u201eKein Windpark in der Werschbach\u201c und der Hosenfelder Ortsgruppe des Naturschutzbundes NABU fu\u00cc\u02c6r den Naturschutz, den Erhalt des Landschaftsbildes und den Schutz der dort lebenden Menschen konnte Ende 2016 bereits ein entscheidender Teilerfolg errungen werden: Das in den ersten Entwu\u00cc\u02c6rfen ausgewiesene Vorranggebiet \u201eWerschbach\u201c wurde von der Regionalversammlung Gie\u00dfen aus dem Teilregionalplan Energie herausgenommen. Damit war die Grundlage fu\u00cc\u02c6r die Genehmigung eines Bauantrags fu\u00cc\u02c6r Windr\u00e4der in diesem Bereich entzogen worden. Dies sah wohl auch der Antragsteller, die HessenEnergie so, die eine Tochtergesellschaft des hessischen Energielieferanten OVAG ist. Bereits Anfang Januar 2017 zog sie ihren Antrag zuru\u00cc\u02c6ck, das vom zust\u00e4ndigen Regierungspr\u00e4sidium in Gie\u00dfen Mitte Februar 2017 best\u00e4tigt wurde.<\/p>\n<p>M\u00f6gliche neue Antr\u00e4ge anderer Unternehmen wu\u00cc\u02c6rden ebenfalls keine Aussicht auf Genehmigung haben, so dass es nach der derzeitigen Rechtslage keine Windr\u00e4der dort geben wird.<\/p>\n<p>Auch im u\u00cc\u02c6brigen Gemeindegebiet von Hosenfeld sind keine Windfl\u00e4chen ausgewiesen, so dass hier auch keine Anlagen gebaut werden k\u00f6nnen. Die n\u00e4chstgelegene Vorrangfl\u00e4che fu\u00cc\u02c6r Windkraft wird allerdings auf dem Finkenberg zwischen Kleinlu\u00cc\u02c6der und Oberrode ausgewiesen, so dass hier in Zukunft in Sichtweite von Hainzell und Blankenau Windkraftanlagen entstehen k\u00f6nnen.<\/p>\n<p>Fu\u00cc\u02c6r den Erfolg verantwortlich waren vor allem die Bu\u00cc\u02c6rgerinitiative um Sprecherin Edith Thiesen, Erich Bischof von der NABU-Ortsgruppe, Ortsvorsteher Ru\u00cc\u02c6diger Merz, die sich u\u00cc\u02c6ber Jahre hinweg in besonderer Weise fu\u00cc\u02c6r den Natur- und Landschaftsschutz eingesetzt haben.<\/p>\n","protected":false},"excerpt":{"rendered":"<div class=\"tmnf_excerpt\"><p>Auf Anfrage von Hosenfelds Bu\u00cc\u02c6rgermeister Peter Malolepszy (CDU) teilte das Regierungspr\u00e4sidium in Gie\u00dfen mit, dass die HessenEnergie-Gesellschaft ihren Bauantrag zur Errichtung von mindestens drei Windr\u00e4dern Anfang Januar zuru\u00cc\u02c6ckgezogen hat. Diese sollten laut Bauantrag aus dem Jahr 2013 in Grebenhain-Metzlos nahe der Grenze zu Henfeld in H\u00f6he von Jossa errichtet werden. Zun\u00e4chst war der Antrag auf &hellip;<\/p>\n<\/div>","protected":false},"author":1,"featured_media":0,"comment_status":"closed","ping_status":"closed","sticky":false,"template":"","format":"standard","meta":{"footnotes":""},"categories":[1],"tags":[],"class_list":["post-160572","post","type-post","status-publish","format-standard","hentry","category-startseite"],"_links":{"self":[{"href":"https:\/\/www.fuldaernachrichten.de\/index.php?rest_route=\/wp\/v2\/posts\/160572","targetHints":{"allow":["GET"]}}],"collection":[{"href":"https:\/\/www.fuldaernachrichten.de\/index.php?rest_route=\/wp\/v2\/posts"}],"about":[{"href":"https:\/\/www.fuldaernachrichten.de\/index.php?rest_route=\/wp\/v2\/types\/post"}],"author":[{"embeddable":true,"href":"https:\/\/www.fuldaernachrichten.de\/index.php?rest_route=\/wp\/v2\/users\/1"}],"replies":[{"embeddable":true,"href":"https:\/\/www.fuldaernachrichten.de\/index.php?rest_route=%2Fwp%2Fv2%2Fcomments&post=160572"}],"version-history":[{"count":1,"href":"https:\/\/www.fuldaernachrichten.de\/index.php?rest_route=\/wp\/v2\/posts\/160572\/revisions"}],"predecessor-version":[{"id":160578,"href":"https:\/\/www.fuldaernachrichten.de\/index.php?rest_route=\/wp\/v2\/posts\/160572\/revisions\/160578"}],"wp:attachment":[{"href":"https:\/\/www.fuldaernachrichten.de\/index.php?rest_route=%2Fwp%2Fv2%2Fmedia&parent=160572"}],"wp:term":[{"taxonomy":"category","embeddable":true,"href":"https:\/\/www.fuldaernachrichten.de\/index.php?rest_route=%2Fwp%2Fv2%2Fcategories&post=160572"},{"taxonomy":"post_tag","embeddable":true,"href":"https:\/\/www.fuldaernachrichten.de\/index.php?rest_route=%2Fwp%2Fv2%2Ftags&post=160572"}],"curies":[{"name":"wp","href":"https:\/\/api.w.org\/{rel}","templated":true}]}}