{"id":160568,"date":"2017-03-02T07:05:22","date_gmt":"2017-03-02T06:05:22","guid":{"rendered":"http:\/\/www.fuldaer-nachrichten.de\/?p=160568"},"modified":"2017-03-02T07:05:22","modified_gmt":"2017-03-02T06:05:22","slug":"lieder-der-verschollenen-mit-bardo-henning","status":"publish","type":"post","link":"https:\/\/www.fuldaernachrichten.de\/?p=160568","title":{"rendered":"Lieder der Verschollenen mit Bardo Henning"},"content":{"rendered":"<p>Das Konzert \u201eLieder der Verschollenen\u201c wird am 10.3.2017, 20.00 Uhr, im VHS-Forum, Kanzlerpalais, Unterm Hl. Kreuz 1, in Fulda von Bardo Henning, Elisabeth B\u00f6hm-Christl und Gina Pietsch aufgef\u00fchrt.<\/p>\n<p>Die 22 Gedichte wurden von Bardo Henning zu unterschiedlichen Anl\u00e4ssen vertont: als B\u00fchnenmusik zu Theaterst\u00fccken oder zu H\u00f6rspielen und als Chansons f\u00fcr die B\u00fchne. Sie sind 2015 auf CD erschienen. Es ist eine uswahl an Gedichten von Dichtern, die wir \u201everschollene Dichter\u201c nennen. Allen Autoren gemein ist die Tatsache, dass die 12 Jahre Nationalsozialismus in Deutschland in Ihren Lebensweg eine tiefe Kerbe geschlagen haben.<\/p>\n<p>Jacob von Hoddis wurde im KZ vergast. Kurt Tucholsky beging, als er die Ausweglosigkeit der damaligen Zeit erkannte, Selbstmord. Else Lasker Sch\u00fcler, Bert Brecht und Valeska Gert und Hardy Worm gingen ins Exil. Joachim Ringelnatz blieb und schwieg und verschwand von der B\u00fchne. Wir beginnen mit dem 1912 entstandenen und den deutschen Expressionismus einleitenden Gedicht \u201eWeltende\u201c von Jakob von Hoddis. \u00dcber \u201eBerliner Stimmungsbilder\u201c von Klabund und Hardy Worm kommen wir zur Ringelnatzsuite und in ihr sowohl zu heiteren, als auch melancholischen Gedichten wie z.B.: \u201eDas Lied von der Hochseekuh\u201c und \u201eAn den Kan\u00e4len.\u201c Kurt Tucholsky, dessen 125. Geburtstag und 80.ten Todestag wir im Jahre 2015 begehen, soll besonders geehrt werden, als liebevoller Menschenbeobachter mit seinen beiden Dialektgedichten: \u201eChanson f\u00fcr eine Frankfurterin\u201c und \u201eHeinrich Zille,\u201c als engagierter sozialer Ankl\u00e4ger mit \u201eder Angestellte\u201c und \u201eMutters H\u00e4nde,\u201c aber auch als \u201eSeher\u201c mit seiner Faschismus-Prophetie: \u201eDeutschland Erwache.\u201c Im \u201eBlauen Klavier\u201c bedauert Else Lasker Sch\u00fcler, dass sie ihr Puppenhausklavier nicht mit ins Exil nehmen konnte. Brecht beschreibt das Schicksal des j\u00fcdischen Emigranten, der scheinbar die falsche Mutter und die falsche Haarfarbe hat, um zu \u00fcberleben. Wir enden recht makaber mit einem Gedicht der Groteskt\u00e4nzerin Valeska Gert, die Ihre gesamte Familie im KZ verloren hat. Sie ist nach langer, amerikanischer Emigration in das Land der T\u00e4ter zur\u00fcckgekehrt, um auf Sylt wieder ein Cabaret zu betreiben.<\/p>\n<p>Gina Pietsch \u2013 Gesang<br \/>\nElisabeth B\u00f6hm-Christl &#8211; Fagott und Kontrafagott<br \/>\nBardo Henning \u2013 Piano, Akkordeon, Komposition<\/p>\n<p>Karten zu diesem Konzert, das vom Kulturamt der Stadt Fulda veranstaltet wird, sind im Vorverkauf in der Gesch\u00e4ftsstelle der Fuldaer Zeitung (Peterstor) erh\u00e4ltlich (10,00 \u00e2\u201a\u00ac, erm\u00e4\u00dfigt 8,00 \u00e2\u201a\u00ac) sowie an der Abendkasse (12,00 \u00e2\u201a\u00ac, erm\u00e4\u00dfigt\u00c2\u00a0 10,00 \u00e2\u201a\u00ac).<\/p>\n","protected":false},"excerpt":{"rendered":"<div class=\"tmnf_excerpt\"><p>Das Konzert \u201eLieder der Verschollenen\u201c wird am 10.3.2017, 20.00 Uhr, im VHS-Forum, Kanzlerpalais, Unterm Hl. Kreuz 1, in Fulda von Bardo Henning, Elisabeth B\u00f6hm-Christl und Gina Pietsch aufgef\u00fchrt. Die 22 Gedichte wurden von Bardo Henning zu unterschiedlichen Anl\u00e4ssen vertont: als B\u00fchnenmusik zu Theaterst\u00fccken oder zu H\u00f6rspielen und als Chansons f\u00fcr die B\u00fchne. Sie sind 2015 &hellip;<\/p>\n<\/div>","protected":false},"author":1,"featured_media":0,"comment_status":"closed","ping_status":"closed","sticky":false,"template":"","format":"standard","meta":{"footnotes":""},"categories":[1],"tags":[],"class_list":["post-160568","post","type-post","status-publish","format-standard","hentry","category-startseite"],"_links":{"self":[{"href":"https:\/\/www.fuldaernachrichten.de\/index.php?rest_route=\/wp\/v2\/posts\/160568","targetHints":{"allow":["GET"]}}],"collection":[{"href":"https:\/\/www.fuldaernachrichten.de\/index.php?rest_route=\/wp\/v2\/posts"}],"about":[{"href":"https:\/\/www.fuldaernachrichten.de\/index.php?rest_route=\/wp\/v2\/types\/post"}],"author":[{"embeddable":true,"href":"https:\/\/www.fuldaernachrichten.de\/index.php?rest_route=\/wp\/v2\/users\/1"}],"replies":[{"embeddable":true,"href":"https:\/\/www.fuldaernachrichten.de\/index.php?rest_route=%2Fwp%2Fv2%2Fcomments&post=160568"}],"version-history":[{"count":1,"href":"https:\/\/www.fuldaernachrichten.de\/index.php?rest_route=\/wp\/v2\/posts\/160568\/revisions"}],"predecessor-version":[{"id":160571,"href":"https:\/\/www.fuldaernachrichten.de\/index.php?rest_route=\/wp\/v2\/posts\/160568\/revisions\/160571"}],"wp:attachment":[{"href":"https:\/\/www.fuldaernachrichten.de\/index.php?rest_route=%2Fwp%2Fv2%2Fmedia&parent=160568"}],"wp:term":[{"taxonomy":"category","embeddable":true,"href":"https:\/\/www.fuldaernachrichten.de\/index.php?rest_route=%2Fwp%2Fv2%2Fcategories&post=160568"},{"taxonomy":"post_tag","embeddable":true,"href":"https:\/\/www.fuldaernachrichten.de\/index.php?rest_route=%2Fwp%2Fv2%2Ftags&post=160568"}],"curies":[{"name":"wp","href":"https:\/\/api.w.org\/{rel}","templated":true}]}}