{"id":160563,"date":"2017-03-02T07:03:41","date_gmt":"2017-03-02T06:03:41","guid":{"rendered":"http:\/\/www.fuldaer-nachrichten.de\/?p=160563"},"modified":"2017-03-02T07:03:41","modified_gmt":"2017-03-02T06:03:41","slug":"elektrohandwerk-uebernimmt-schluesselfunktion-bei-der-gestaltung-unserer-zukunft","status":"publish","type":"post","link":"https:\/\/www.fuldaernachrichten.de\/?p=160563","title":{"rendered":"Elektrohandwerk \u00fcbernimmt Schl\u00fcsselfunktion bei der Gestaltung unserer Zukunft"},"content":{"rendered":"<p>35 junge Nachwuchsgesellen konnten jetzt ihren Gesellenbrief im Elektrohandwerk in Empfang nehmen. Die Elektro-Innung Fulda hatte sie mit ihren Angeh\u00f6rigen sowie den Ausbildungsbetrieben zur traditionellen Freisprechungsfeier in die Antonius-Festscheune eingeladen. Obermeister Michael Brehl begr\u00fc\u00dfte die ca. 100 G\u00e4ste mit den Worten: \u201eSie, liebe Gesellen, haben erstklassige berufliche Perspektiven. So wie die aktuelle Nachfrage nach Gold den Goldpreis steigen l\u00e4sst, so steigt aktuell auch die Nachfrage und der Preis f\u00fcr Handwerkerleistungen\u201c. Dreieinhalb Jahre lang lernen, auch abends und am Wochenende, h\u00e4tten die jungen Gesellen nicht f\u00fcr die Schule oder f\u00fcr ihre Chefs getan, sondern ausschlie\u00dflich f\u00fcr sich selbst, f\u00fcr ihren eigenen Erfolg. Sie h\u00e4tten eine lange und intensive Ausbildung \u00fcberstanden,\u00c2\u00a0 so Brehl weiter, auf die sie jetzt zu Recht stolz sein k\u00f6nnten.<br \/>\nDank richtete Brehl an die Ausbildungsbetriebe und die Ausbilder. Die niedrige Jugendarbeitslosigkeit in Deutschland im Gegensatz zu den meisten anderen europ\u00e4ischen L\u00e4ndern sei dem System der dualen Ausbildung geschuldet. Die Ausbildungsbetriebe w\u00fcrden hierbei eine Schl\u00fcsselrolle mit hoher Verantwortung einnehmen. Dank g\u00e4lte aber auch der Ferdinand-Braun-Schule, dem BBZ sowie dem ehrenamtlich t\u00e4tigen Gesellenpr\u00fcfungsausschuss mit seinem Vorsitzenden Johannes Burkart. Sie alle h\u00e4tten gemeinsam zu den\u00c2\u00a0 insgesamt sehr guten Pr\u00fcfungsergebnissen beigetragen, so Brehl weiter.<br \/>\nBrehl ging schlie\u00dflich auf die guten beruflichen Perspektiven der jungen Gesellen ein. Aktuell g\u00e4be es im Elektrohandwerk in Deutschland ca. 20.000 offene Stellen. F\u00fcr die weitere Umsetzung der Energiewende, f\u00fcr die fl\u00e4chendeckende Einf\u00fchrung der Elektromobilit\u00e4t, f\u00fcr die immer weiter voranschreitende Digitalisierung sowohl der Arbeitswelt als auch der Freizeit, \u00fcberall w\u00fcrden zunehmend Elektrohandwerker ben\u00f6tigt.<br \/>\n\u00c4hnlich argumentierte auch Dietmar Weidenb\u00f6rner, Gesch\u00e4ftsf\u00fchrer der Kreishandwerkerschaft Fulda, in seinem Gru\u00dfwort. Mit ihrer Ausbildung im Bereich Elektrotechnik und Elektronik h\u00e4tten sich die jungen Leute f\u00fcr ein Bet\u00e4tigungsfeld mit hohem Zukunftspotential entschieden. Mit ihrem Wissen w\u00fcrden sie eine Schl\u00fcsselrolle einnehmen, um die Gesellschaft zukunftsf\u00e4hig zu machen.<br \/>\nGeehrte wurden f\u00fcr die innungsbeste Pr\u00fcfung Kevin Kirsch aus dem Ausbildungsbetrieb Elektro-Kuhnert in N\u00fcsttal, f\u00fcr die zweitbeste Pr\u00fcfung\u00c2\u00a0 Kilian Leinweber aus dem Ausbildungsbetrieb Elektro-Burkart in K\u00fcnzell-Dirlos sowie f\u00fcr die drittbeste Pr\u00fcfung Alexander Gro\u00df aus dem Ausbildungsbetrieb Gensler Klima-K\u00e4lte-Elektro in Poppenhausen.<\/p>\n<p>BU:<br \/>\nVon l.: Michael Brehl, Johannes Burkart, Alexander Gro\u00df, Jonas Gensler (Gensler Klima-K\u00e4lte-Elektro), Kilian Leinweber, Marco Kuhnert, Kevin Kirsch, Dietmar Weidenb\u00f6rner<\/p>\n<p>Gesellenpr\u00fcfung\u00c2\u00a0 Elektroniker<\/p>\n<p>Auszubildender\u00c2\u00a0\u00c2\u00a0 \u00c2\u00a0\u00c2\u00a0\u00c2\u00a0 \u00c2\u00a0\u00c2\u00a0\u00c2\u00a0 \u00c2\u00a0Ausbildungsbetrieb<br \/>\n1\u00c2\u00a0\u00c2\u00a0 \u00c2\u00a0Abel, Leonardo\u00c2\u00a0\u00c2\u00a0 \u00c2\u00a0\u00c2\u00a0\u00c2\u00a0 \u00c2\u00a0\u00c2\u00a0\u00c2\u00a0 \u00c2\u00a0ToBi-Elektro, Burghaun<br \/>\n2\u00c2\u00a0\u00c2\u00a0 \u00c2\u00a0Adolph, Maximilian\u00c2\u00a0\u00c2\u00a0 \u00c2\u00a0\u00c2\u00a0\u00c2\u00a0 \u00c2\u00a0\u00c2\u00a0\u00c2\u00a0 \u00c2\u00a0Kerbl, Petersberg<br \/>\n3\u00c2\u00a0\u00c2\u00a0 \u00c2\u00a0Alija, Shpetim\u00c2\u00a0\u00c2\u00a0 \u00c2\u00a0\u00c2\u00a0\u00c2\u00a0 \u00c2\u00a0\u00c2\u00a0\u00c2\u00a0 \u00c2\u00a0\u00c2\u00a0\u00c2\u00a0 \u00c2\u00a0Otterbein, Gro\u00dfenl\u00fcder<br \/>\n4\u00c2\u00a0\u00c2\u00a0 \u00c2\u00a0Bicer, S\u00fcleyman\u00c2\u00a0\u00c2\u00a0 \u00c2\u00a0\u00c2\u00a0\u00c2\u00a0 \u00c2\u00a0\u00c2\u00a0\u00c2\u00a0 \u00c2\u00a0R+S solutions<br \/>\n5\u00c2\u00a0\u00c2\u00a0 \u00c2\u00a0Dell\u00c3\u20acera, Donatello\u00c2\u00a0\u00c2\u00a0 \u00c2\u00a0\u00c2\u00a0\u00c2\u00a0 \u00c2\u00a0\u00c2\u00a0\u00c2\u00a0 \u00c2\u00a0R+S solutions, Fulda<br \/>\n6\u00c2\u00a0\u00c2\u00a0 \u00c2\u00a0Dietz, Lukas\u00c2\u00a0\u00c2\u00a0 \u00c2\u00a0\u00c2\u00a0\u00c2\u00a0 \u00c2\u00a0\u00c2\u00a0\u00c2\u00a0 \u00c2\u00a0\u00c2\u00a0\u00c2\u00a0 \u00c2\u00a0Backes &amp; Scholz, Petersberg<br \/>\n7\u00c2\u00a0\u00c2\u00a0 \u00c2\u00a0Duhno, Andrej\u00c2\u00a0\u00c2\u00a0 \u00c2\u00a0\u00c2\u00a0\u00c2\u00a0 \u00c2\u00a0\u00c2\u00a0\u00c2\u00a0 \u00c2\u00a0R+S solutions, Fulda<br \/>\n8\u00c2\u00a0\u00c2\u00a0 \u00c2\u00a0Ehleiter, Achim\u00c2\u00a0\u00c2\u00a0 \u00c2\u00a0\u00c2\u00a0\u00c2\u00a0 \u00c2\u00a0\u00c2\u00a0\u00c2\u00a0 \u00c2\u00a0R+S solutions, Fulda<br \/>\n9\u00c2\u00a0\u00c2\u00a0 \u00c2\u00a0Fischer, Florian\u00c2\u00a0\u00c2\u00a0 \u00c2\u00a0\u00c2\u00a0\u00c2\u00a0 \u00c2\u00a0\u00c2\u00a0\u00c2\u00a0 \u00c2\u00a0H.F. Elektrotechnik, Fulda<br \/>\n10\u00c2\u00a0\u00c2\u00a0 \u00c2\u00a0Fladung, Maximilian\u00c2\u00a0\u00c2\u00a0 \u00c2\u00a0\u00c2\u00a0\u00c2\u00a0 \u00c2\u00a0\u00c2\u00a0\u00c2\u00a0 \u00c2\u00a0Backes &amp; Scholz, Petersberg<br \/>\n11\u00c2\u00a0\u00c2\u00a0 \u00c2\u00a0Frohnapfel, Markus\u00c2\u00a0\u00c2\u00a0 \u00c2\u00a0\u00c2\u00a0\u00c2\u00a0 \u00c2\u00a0\u00c2\u00a0\u00c2\u00a0 \u00c2\u00a0Kerbl, Petersberg<br \/>\n12\u00c2\u00a0\u00c2\u00a0 \u00c2\u00a0Gro\u00df, Alexander\u00c2\u00a0\u00c2\u00a0 \u00c2\u00a0\u00c2\u00a0\u00c2\u00a0 \u00c2\u00a0\u00c2\u00a0\u00c2\u00a0 \u00c2\u00a0Gensler, Poppenhausen<br \/>\n13\u00c2\u00a0\u00c2\u00a0 \u00c2\u00a0Henkel, Manuel\u00c2\u00a0\u00c2\u00a0 \u00c2\u00a0\u00c2\u00a0\u00c2\u00a0 \u00c2\u00a0\u00c2\u00a0\u00c2\u00a0 \u00c2\u00a0R+S solutions, Fulda<br \/>\n14\u00c2\u00a0\u00c2\u00a0 \u00c2\u00a0Herbst, Justin\u00c2\u00a0\u00c2\u00a0 \u00c2\u00a0\u00c2\u00a0\u00c2\u00a0 \u00c2\u00a0\u00c2\u00a0\u00c2\u00a0 \u00c2\u00a0\u00c2\u00a0\u00c2\u00a0 \u00c2\u00a0Fr\u00f6hlich &amp; R\u00f6big, K\u00fcnzell<br \/>\n15\u00c2\u00a0\u00c2\u00a0 \u00c2\u00a0 Herche, Tobias\u00c2\u00a0\u00c2\u00a0 \u00c2\u00a0\u00c2\u00a0\u00c2\u00a0 \u00c2\u00a0\u00c2\u00a0\u00c2\u00a0 \u00c2\u00a0Kerbl, Petersberg<\/p>\n","protected":false},"excerpt":{"rendered":"<div class=\"tmnf_excerpt\"><p>35 junge Nachwuchsgesellen konnten jetzt ihren Gesellenbrief im Elektrohandwerk in Empfang nehmen. Die Elektro-Innung Fulda hatte sie mit ihren Angeh\u00f6rigen sowie den Ausbildungsbetrieben zur traditionellen Freisprechungsfeier in die Antonius-Festscheune eingeladen. Obermeister Michael Brehl begr\u00fc\u00dfte die ca. 100 G\u00e4ste mit den Worten: \u201eSie, liebe Gesellen, haben erstklassige berufliche Perspektiven. So wie die aktuelle Nachfrage nach Gold &hellip;<\/p>\n<\/div>","protected":false},"author":1,"featured_media":160564,"comment_status":"closed","ping_status":"closed","sticky":false,"template":"","format":"standard","meta":{"footnotes":""},"categories":[1],"tags":[],"class_list":["post-160563","post","type-post","status-publish","format-standard","has-post-thumbnail","hentry","category-startseite"],"_links":{"self":[{"href":"https:\/\/www.fuldaernachrichten.de\/index.php?rest_route=\/wp\/v2\/posts\/160563","targetHints":{"allow":["GET"]}}],"collection":[{"href":"https:\/\/www.fuldaernachrichten.de\/index.php?rest_route=\/wp\/v2\/posts"}],"about":[{"href":"https:\/\/www.fuldaernachrichten.de\/index.php?rest_route=\/wp\/v2\/types\/post"}],"author":[{"embeddable":true,"href":"https:\/\/www.fuldaernachrichten.de\/index.php?rest_route=\/wp\/v2\/users\/1"}],"replies":[{"embeddable":true,"href":"https:\/\/www.fuldaernachrichten.de\/index.php?rest_route=%2Fwp%2Fv2%2Fcomments&post=160563"}],"version-history":[{"count":1,"href":"https:\/\/www.fuldaernachrichten.de\/index.php?rest_route=\/wp\/v2\/posts\/160563\/revisions"}],"predecessor-version":[{"id":160565,"href":"https:\/\/www.fuldaernachrichten.de\/index.php?rest_route=\/wp\/v2\/posts\/160563\/revisions\/160565"}],"wp:featuredmedia":[{"embeddable":true,"href":"https:\/\/www.fuldaernachrichten.de\/index.php?rest_route=\/wp\/v2\/media\/160564"}],"wp:attachment":[{"href":"https:\/\/www.fuldaernachrichten.de\/index.php?rest_route=%2Fwp%2Fv2%2Fmedia&parent=160563"}],"wp:term":[{"taxonomy":"category","embeddable":true,"href":"https:\/\/www.fuldaernachrichten.de\/index.php?rest_route=%2Fwp%2Fv2%2Fcategories&post=160563"},{"taxonomy":"post_tag","embeddable":true,"href":"https:\/\/www.fuldaernachrichten.de\/index.php?rest_route=%2Fwp%2Fv2%2Ftags&post=160563"}],"curies":[{"name":"wp","href":"https:\/\/api.w.org\/{rel}","templated":true}]}}