{"id":160533,"date":"2017-03-01T09:36:04","date_gmt":"2017-03-01T08:36:04","guid":{"rendered":"http:\/\/www.fuldaer-nachrichten.de\/?p=160533"},"modified":"2017-03-01T09:36:04","modified_gmt":"2017-03-01T08:36:04","slug":"bonifatiuskloster-beim-hr","status":"publish","type":"post","link":"https:\/\/www.fuldaernachrichten.de\/?p=160533","title":{"rendered":"Bonifatiuskloster beim HR"},"content":{"rendered":"<p>Am Dienstag 14. M\u00e4rz 2017 um 20.15 strahlt der HR den Film \u201eUnter Klosterbr\u00fcdern\u201c aus. Im Film wird das St. Bonifatiuskloster und die Kapuziner in Frankfurt vorgestellt. Der HR hat 2015 an vier Drehtagen das Leben im H\u00fcnfelder Kloster aufgenommen. Vom Klosterparkfest \u00fcber die M\u00e4nnerwallfahrt zum Gehilfersberg bis zu ungewohnten Einblicke hinter die Klostermauern zeigt der Film das Leben im Bonifatiuskloster. Ein Film Tipp f\u00fcr alle Menschen aus der Region.<\/p>\n<p>http:\/\/www.hr-online.de\/website\/fernsehen\/sendungen\/index.jsp?rubrik=59041&#038;key=standard_document_63667804<\/p>\n","protected":false},"excerpt":{"rendered":"<div class=\"tmnf_excerpt\"><p>Am Dienstag 14. M\u00e4rz 2017 um 20.15 strahlt der HR den Film \u201eUnter Klosterbr\u00fcdern\u201c aus. Im Film wird das St. Bonifatiuskloster und die Kapuziner in Frankfurt vorgestellt. Der HR hat 2015 an vier Drehtagen das Leben im H\u00fcnfelder Kloster aufgenommen. Vom Klosterparkfest \u00fcber die M\u00e4nnerwallfahrt zum Gehilfersberg bis zu ungewohnten Einblicke hinter die Klostermauern zeigt &hellip;<\/p>\n<\/div>","protected":false},"author":1,"featured_media":0,"comment_status":"closed","ping_status":"closed","sticky":false,"template":"","format":"standard","meta":{"footnotes":""},"categories":[1],"tags":[],"class_list":["post-160533","post","type-post","status-publish","format-standard","hentry","category-startseite"],"_links":{"self":[{"href":"https:\/\/www.fuldaernachrichten.de\/index.php?rest_route=\/wp\/v2\/posts\/160533","targetHints":{"allow":["GET"]}}],"collection":[{"href":"https:\/\/www.fuldaernachrichten.de\/index.php?rest_route=\/wp\/v2\/posts"}],"about":[{"href":"https:\/\/www.fuldaernachrichten.de\/index.php?rest_route=\/wp\/v2\/types\/post"}],"author":[{"embeddable":true,"href":"https:\/\/www.fuldaernachrichten.de\/index.php?rest_route=\/wp\/v2\/users\/1"}],"replies":[{"embeddable":true,"href":"https:\/\/www.fuldaernachrichten.de\/index.php?rest_route=%2Fwp%2Fv2%2Fcomments&post=160533"}],"version-history":[{"count":1,"href":"https:\/\/www.fuldaernachrichten.de\/index.php?rest_route=\/wp\/v2\/posts\/160533\/revisions"}],"predecessor-version":[{"id":160541,"href":"https:\/\/www.fuldaernachrichten.de\/index.php?rest_route=\/wp\/v2\/posts\/160533\/revisions\/160541"}],"wp:attachment":[{"href":"https:\/\/www.fuldaernachrichten.de\/index.php?rest_route=%2Fwp%2Fv2%2Fmedia&parent=160533"}],"wp:term":[{"taxonomy":"category","embeddable":true,"href":"https:\/\/www.fuldaernachrichten.de\/index.php?rest_route=%2Fwp%2Fv2%2Fcategories&post=160533"},{"taxonomy":"post_tag","embeddable":true,"href":"https:\/\/www.fuldaernachrichten.de\/index.php?rest_route=%2Fwp%2Fv2%2Ftags&post=160533"}],"curies":[{"name":"wp","href":"https:\/\/api.w.org\/{rel}","templated":true}]}}