{"id":160530,"date":"2017-03-01T09:35:57","date_gmt":"2017-03-01T08:35:57","guid":{"rendered":"http:\/\/www.fuldaer-nachrichten.de\/?p=160530"},"modified":"2017-03-01T09:35:57","modified_gmt":"2017-03-01T08:35:57","slug":"staedtischer-bauhof-erhielt-fuer-69-000-euro-einen-neuen-leistungsfaehigen-radlader","status":"publish","type":"post","link":"https:\/\/www.fuldaernachrichten.de\/?p=160530","title":{"rendered":"St\u00e4dtischer Bauhof erhielt f\u00fcr 69.000 Euro einen neuen, leistungsf\u00e4higen Radlader"},"content":{"rendered":"<p>Der Radlader geh\u00f6rt zu den zentralen Arbeitsmaschinen am st\u00e4dtischen Bauhof. Nach 9.000 Betriebsstunden und 17 Einsatzjahren haben die Mitarbeiter nun ein neues Ger\u00e4t erhalten. B\u00fcrgermeister Stefan Schwenk konnte die Schl\u00fcssel des Fahrzeugs an Bauhofleiter Armin Herget und seinen Mitarbeiter Michael Mihm \u00fcbergeben.<\/p>\n<p>Vor allem der Winterdiensteinsatz und das Verladen von Streusalz hatten dem alten Fahrzeug sehr zugesetzt. Angesichts der 9.000 Betriebsstunden war die Zuverl\u00e4ssigkeit und Einsatzbereitschaft des alten Laders nicht mehr uneingeschr\u00e4nkt gew\u00e4hrleistet, betonte Bauhofleiter Herget bei der Fahrzeug\u00fcbergabe.<\/p>\n<p>Der neue Radlader kommt allerdings nicht nur im Winterdienst, sondern auch bei anderen Laderarbeiten, im Wegebau und vor allem an der Kompostieranlage zum Einsatz. Dort m\u00fcssen die angelieferten Gr\u00fcnabf\u00e4lle regelm\u00e4\u00dfig zusammengeschoben und aufgeschichtet werden, damit die Fl\u00e4chen von den bis zu 600 Anlieferern pro \u00d6ffnungstag genutzt werden k\u00f6nnen. Au\u00dferdem werden mit dem Fahrzeug der fertige Rohkompost und Holzhackschnitzel umgesetzt. Um Geh\u00f6lzschnitt sicher transportieren und verladen zu k\u00f6nnen, ist die Schaufel mit einem Niederhalter ausger\u00fcstet. Au\u00dferdem verf\u00fcgt das neue Fahrzeug im Heck \u00fcber eine Dreipunktaufh\u00e4ngung, um es bei extremen Einsatzlagen auch als Streufahrzeug mit in den Einsatz bringen zu k\u00f6nnen. Die hohe Betriebsstundenzahl zeigt nach den Worten von Herget, wie oft das Fahrzeug f\u00fcr die allt\u00e4glichen Arbeiten am Bauhof ben\u00f6tigt wird.<\/p>\n","protected":false},"excerpt":{"rendered":"<div class=\"tmnf_excerpt\"><p>Der Radlader geh\u00f6rt zu den zentralen Arbeitsmaschinen am st\u00e4dtischen Bauhof. Nach 9.000 Betriebsstunden und 17 Einsatzjahren haben die Mitarbeiter nun ein neues Ger\u00e4t erhalten. B\u00fcrgermeister Stefan Schwenk konnte die Schl\u00fcssel des Fahrzeugs an Bauhofleiter Armin Herget und seinen Mitarbeiter Michael Mihm \u00fcbergeben. Vor allem der Winterdiensteinsatz und das Verladen von Streusalz hatten dem alten Fahrzeug &hellip;<\/p>\n<\/div>","protected":false},"author":1,"featured_media":160539,"comment_status":"closed","ping_status":"closed","sticky":false,"template":"","format":"standard","meta":{"footnotes":""},"categories":[1],"tags":[],"class_list":["post-160530","post","type-post","status-publish","format-standard","has-post-thumbnail","hentry","category-startseite"],"_links":{"self":[{"href":"https:\/\/www.fuldaernachrichten.de\/index.php?rest_route=\/wp\/v2\/posts\/160530","targetHints":{"allow":["GET"]}}],"collection":[{"href":"https:\/\/www.fuldaernachrichten.de\/index.php?rest_route=\/wp\/v2\/posts"}],"about":[{"href":"https:\/\/www.fuldaernachrichten.de\/index.php?rest_route=\/wp\/v2\/types\/post"}],"author":[{"embeddable":true,"href":"https:\/\/www.fuldaernachrichten.de\/index.php?rest_route=\/wp\/v2\/users\/1"}],"replies":[{"embeddable":true,"href":"https:\/\/www.fuldaernachrichten.de\/index.php?rest_route=%2Fwp%2Fv2%2Fcomments&post=160530"}],"version-history":[{"count":1,"href":"https:\/\/www.fuldaernachrichten.de\/index.php?rest_route=\/wp\/v2\/posts\/160530\/revisions"}],"predecessor-version":[{"id":160540,"href":"https:\/\/www.fuldaernachrichten.de\/index.php?rest_route=\/wp\/v2\/posts\/160530\/revisions\/160540"}],"wp:featuredmedia":[{"embeddable":true,"href":"https:\/\/www.fuldaernachrichten.de\/index.php?rest_route=\/wp\/v2\/media\/160539"}],"wp:attachment":[{"href":"https:\/\/www.fuldaernachrichten.de\/index.php?rest_route=%2Fwp%2Fv2%2Fmedia&parent=160530"}],"wp:term":[{"taxonomy":"category","embeddable":true,"href":"https:\/\/www.fuldaernachrichten.de\/index.php?rest_route=%2Fwp%2Fv2%2Fcategories&post=160530"},{"taxonomy":"post_tag","embeddable":true,"href":"https:\/\/www.fuldaernachrichten.de\/index.php?rest_route=%2Fwp%2Fv2%2Ftags&post=160530"}],"curies":[{"name":"wp","href":"https:\/\/api.w.org\/{rel}","templated":true}]}}