{"id":160529,"date":"2017-03-01T09:35:06","date_gmt":"2017-03-01T08:35:06","guid":{"rendered":"http:\/\/www.fuldaer-nachrichten.de\/?p=160529"},"modified":"2017-03-01T09:35:06","modified_gmt":"2017-03-01T08:35:06","slug":"huenfelder-rathausabende-ziehen-in-lokschuppen-um","status":"publish","type":"post","link":"https:\/\/www.fuldaernachrichten.de\/?p=160529","title":{"rendered":"H\u00fcnfelder Rathausabende ziehen in Lokschuppen um"},"content":{"rendered":"<p>Die H\u00fcnfelder Rathausabende werden in der Saison 2017 \/ 2018 zum Jahreswechsel in den H\u00fcnfelder Lokschuppen umziehen. Damit soll diese fast immer ausverkaufte Kulturveranstaltungsreihe auch w\u00e4hrend der Umbauphase des H\u00fcnfelder Rathauses fortgesetzt werden.<\/p>\n<p>Wie B\u00fcrgermeister Stefan Schwenk dazu mitteilt, hat jetzt die Kulturkommission der Stadt H\u00fcnfeld auch einen Programmvorschlag f\u00fcr die kommende Saison entwickelt, der auf den Wechsel des Veranstaltungsortes abgestimmt ist. W\u00e4hrend im H\u00fcnfelder Rathaussaal bis zu 120 Zuh\u00f6rer eingelassen werden k\u00f6nnen, betr\u00e4gt die Kapazit\u00e4t des Lokschuppens rund 250 Besucher.<\/p>\n","protected":false},"excerpt":{"rendered":"<div class=\"tmnf_excerpt\"><p>Die H\u00fcnfelder Rathausabende werden in der Saison 2017 \/ 2018 zum Jahreswechsel in den H\u00fcnfelder Lokschuppen umziehen. Damit soll diese fast immer ausverkaufte Kulturveranstaltungsreihe auch w\u00e4hrend der Umbauphase des H\u00fcnfelder Rathauses fortgesetzt werden. Wie B\u00fcrgermeister Stefan Schwenk dazu mitteilt, hat jetzt die Kulturkommission der Stadt H\u00fcnfeld auch einen Programmvorschlag f\u00fcr die kommende Saison entwickelt, der &hellip;<\/p>\n<\/div>","protected":false},"author":1,"featured_media":0,"comment_status":"closed","ping_status":"closed","sticky":false,"template":"","format":"standard","meta":{"footnotes":""},"categories":[1],"tags":[],"class_list":["post-160529","post","type-post","status-publish","format-standard","hentry","category-startseite"],"_links":{"self":[{"href":"https:\/\/www.fuldaernachrichten.de\/index.php?rest_route=\/wp\/v2\/posts\/160529","targetHints":{"allow":["GET"]}}],"collection":[{"href":"https:\/\/www.fuldaernachrichten.de\/index.php?rest_route=\/wp\/v2\/posts"}],"about":[{"href":"https:\/\/www.fuldaernachrichten.de\/index.php?rest_route=\/wp\/v2\/types\/post"}],"author":[{"embeddable":true,"href":"https:\/\/www.fuldaernachrichten.de\/index.php?rest_route=\/wp\/v2\/users\/1"}],"replies":[{"embeddable":true,"href":"https:\/\/www.fuldaernachrichten.de\/index.php?rest_route=%2Fwp%2Fv2%2Fcomments&post=160529"}],"version-history":[{"count":1,"href":"https:\/\/www.fuldaernachrichten.de\/index.php?rest_route=\/wp\/v2\/posts\/160529\/revisions"}],"predecessor-version":[{"id":160536,"href":"https:\/\/www.fuldaernachrichten.de\/index.php?rest_route=\/wp\/v2\/posts\/160529\/revisions\/160536"}],"wp:attachment":[{"href":"https:\/\/www.fuldaernachrichten.de\/index.php?rest_route=%2Fwp%2Fv2%2Fmedia&parent=160529"}],"wp:term":[{"taxonomy":"category","embeddable":true,"href":"https:\/\/www.fuldaernachrichten.de\/index.php?rest_route=%2Fwp%2Fv2%2Fcategories&post=160529"},{"taxonomy":"post_tag","embeddable":true,"href":"https:\/\/www.fuldaernachrichten.de\/index.php?rest_route=%2Fwp%2Fv2%2Ftags&post=160529"}],"curies":[{"name":"wp","href":"https:\/\/api.w.org\/{rel}","templated":true}]}}