{"id":160526,"date":"2017-03-01T09:34:50","date_gmt":"2017-03-01T08:34:50","guid":{"rendered":"http:\/\/www.fuldaer-nachrichten.de\/?p=160526"},"modified":"2017-03-01T09:34:50","modified_gmt":"2017-03-01T08:34:50","slug":"anmeldung-zum-osterputz-2017-hauptaktionstage-am-24-und-25-maerz-waldraender-im-blick","status":"publish","type":"post","link":"https:\/\/www.fuldaernachrichten.de\/?p=160526","title":{"rendered":"Anmeldung zum Osterputz 2017 Hauptaktionstage am 24. und 25. M\u00e4rz \/ Waldr\u00e4nder im Blick"},"content":{"rendered":"<p>Auch in diesem Jahr wird die Stadt H\u00fcnfeld sich wieder an der Osterputzaktion der Schutzgemeinschaft Deutscher Wald beteiligen. Wie B\u00fcrgermeister Stefan Schwenk dazu mitteilt, k\u00f6nnen sich Vereine, Gruppen, Schulen und Ortsbeir\u00e4te bei der Stadt H\u00fcnfeld anmelden.<\/p>\n<p>Zum Einsammeln des Unrats werden kostenfrei S\u00e4cke und in begrenztem Umfang auch Handschuhe zur Verf\u00fcgung gestellt. Diese k\u00f6nnen nach der Anmeldung im Rathaus in Zimmer 306 abgeholt werden. Anmeldungen \u2013 auch telefonisch \u2013 nehmen Kirsten Kl\u00fcber, 06652\/180 162 oder Stephanie Weber, 06652\/180 166, entgegen. Eine Anmeldung ist auch deshalb sinnvoll, um eine Koordination der zu reinigenden Fl\u00e4chen zu gew\u00e4hrleisten.<\/p>\n<p>In diesem Jahr stehen Waldparkpl\u00e4tze und Waldr\u00e4nder im besonderen Fokus bei der Aktion.<\/p>\n<p>Gruppen, die sich an der Osterputzaktion beteiligen wollen, k\u00f6nnen den eingesammelten M\u00fcll am Wertstoffhof w\u00e4hrend der \u00d6ffnungszeiten dienstags und donnerstags von 15:30 bis 17:30 Uhr oder samstags von 10 bis 15 Uhr in den eigens aufgestellten Container entsorgen. Au\u00dferhalb der \u00d6ffnungszeiten k\u00f6nnen S\u00e4cke auch am st\u00e4dtischen Bauhof montags bis donnerstags von 7 bis 12 Uhr sowie von 14 bis 16 Uhr sowie freitags von 7 bis 12 Uhr abgegeben werden. Keinesfalls sollten M\u00fclls\u00e4cke allerdings vor den Toren des Wertstoffhofs oder Bauhofs abgestellt werden. Bei Bedarf k\u00f6nnen auch die eingesetzten Kraftfahrzeuge mit einer Ausnahmegenehmigung ausgestattet werden, sodass sie gesperrte Wege befahren d\u00fcrfen. Dazu werden die Teilnehmer gebeten, sich mit Siegfried Herget, Zimmer 305, 06652\/180 165, E-Mail siegfried.herget@huenfeld.de in Verbindung zu setzen.<\/p>\n","protected":false},"excerpt":{"rendered":"<div class=\"tmnf_excerpt\"><p>Auch in diesem Jahr wird die Stadt H\u00fcnfeld sich wieder an der Osterputzaktion der Schutzgemeinschaft Deutscher Wald beteiligen. Wie B\u00fcrgermeister Stefan Schwenk dazu mitteilt, k\u00f6nnen sich Vereine, Gruppen, Schulen und Ortsbeir\u00e4te bei der Stadt H\u00fcnfeld anmelden. Zum Einsammeln des Unrats werden kostenfrei S\u00e4cke und in begrenztem Umfang auch Handschuhe zur Verf\u00fcgung gestellt. Diese k\u00f6nnen nach &hellip;<\/p>\n<\/div>","protected":false},"author":1,"featured_media":0,"comment_status":"closed","ping_status":"closed","sticky":false,"template":"","format":"standard","meta":{"footnotes":""},"categories":[1],"tags":[],"class_list":["post-160526","post","type-post","status-publish","format-standard","hentry","category-startseite"],"_links":{"self":[{"href":"https:\/\/www.fuldaernachrichten.de\/index.php?rest_route=\/wp\/v2\/posts\/160526","targetHints":{"allow":["GET"]}}],"collection":[{"href":"https:\/\/www.fuldaernachrichten.de\/index.php?rest_route=\/wp\/v2\/posts"}],"about":[{"href":"https:\/\/www.fuldaernachrichten.de\/index.php?rest_route=\/wp\/v2\/types\/post"}],"author":[{"embeddable":true,"href":"https:\/\/www.fuldaernachrichten.de\/index.php?rest_route=\/wp\/v2\/users\/1"}],"replies":[{"embeddable":true,"href":"https:\/\/www.fuldaernachrichten.de\/index.php?rest_route=%2Fwp%2Fv2%2Fcomments&post=160526"}],"version-history":[{"count":1,"href":"https:\/\/www.fuldaernachrichten.de\/index.php?rest_route=\/wp\/v2\/posts\/160526\/revisions"}],"predecessor-version":[{"id":160534,"href":"https:\/\/www.fuldaernachrichten.de\/index.php?rest_route=\/wp\/v2\/posts\/160526\/revisions\/160534"}],"wp:attachment":[{"href":"https:\/\/www.fuldaernachrichten.de\/index.php?rest_route=%2Fwp%2Fv2%2Fmedia&parent=160526"}],"wp:term":[{"taxonomy":"category","embeddable":true,"href":"https:\/\/www.fuldaernachrichten.de\/index.php?rest_route=%2Fwp%2Fv2%2Fcategories&post=160526"},{"taxonomy":"post_tag","embeddable":true,"href":"https:\/\/www.fuldaernachrichten.de\/index.php?rest_route=%2Fwp%2Fv2%2Ftags&post=160526"}],"curies":[{"name":"wp","href":"https:\/\/api.w.org\/{rel}","templated":true}]}}