{"id":160509,"date":"2017-03-01T09:29:49","date_gmt":"2017-03-01T08:29:49","guid":{"rendered":"http:\/\/www.fuldaer-nachrichten.de\/?p=160509"},"modified":"2017-03-01T09:29:49","modified_gmt":"2017-03-01T08:29:49","slug":"arbeitskraeftenachfrage-bleibt-stabil","status":"publish","type":"post","link":"https:\/\/www.fuldaernachrichten.de\/?p=160509","title":{"rendered":"Arbeitskr\u00e4ftenachfrage bleibt stabil"},"content":{"rendered":"<p>Der Stellenindex der Bundesagentur f\u00fcr Arbeit (BA-X) in Hessen ist im Februar 2017 um vier Punkte zur\u00fcckgegangen. Mit einem Wert von 211 Punkten wurde der bislang h\u00f6chste Wert in einem Februar seit Beginn der Erhebung erreicht.<\/p>\n<p>Damit liegt der BA-X nur leicht unterhalb des im Vormonat erzielten Spitzenwertes und bewegt sich weiterhin auf einem hohen Niveau. Erst im vergangenen Jahr hatte sich der Stellenindex im gesamten Jahresverlauf oberhalb der 200-Punkte Marke behaupten k\u00f6nnen.<\/p>\n<p>Gegen\u00fcber Februar 2016 erreichte der aktuelle BA-X ein Plus um 11 Punkte. Den niedrigsten Wert in einem Februar gab es im Jahr 2005 mit 113 Punkten.<\/p>\n<p>Dr. Frank Martin, Leiter der Regionaldirektion Hessen, zur aktuellen Entwicklung des hessischen Stellenmarktes: \u201eDie Nachfrage der Unternehmen nach Arbeitskr\u00e4ften und insbesondere nach Fachpersonal ist nach wie vor gro\u00df. Besonders gut qualifizierte Fachkr\u00e4fte k\u00f6nnen von der stabilen Wirtschaftslage in Hessen und der anhaltenden Einstellungsbereitschaft der Unternehmen profitieren. Zudem k\u00f6nnen die Agenturen f\u00fcr Arbeit in vielen F\u00e4llen mit einem gro\u00dfen Angebot an Unterst\u00fctzungs- und F\u00f6rderm\u00f6glichkeiten zu einer schnelleren Integration in den Arbeitsmarkt beitragen.\u201c<\/p>\n<p>Hintergrundinformation<br \/>\nDer Stellenindex der Bundesagentur f\u00fcr Arbeit (BA-X) bildet die Entwicklung der Arbeitskr\u00e4ftenachfrage am ersten Arbeitsmarkt ab. Die Basis f\u00fcr den BA-Stellenindex bilden die der Bundesagentur f\u00fcr Arbeit (BA) gemeldeten ungef\u00f6rderten Arbeitsstellen, sowie die bei der BA gemeldeten Stellen f\u00fcr Freiberufler, Selbst\u00e4ndige und aus der Privaten Arbeitsvermittlung. Zur Berechnung des Index wird das Gesamtaggregat der Stellen des ersten Arbeitsmarktes saisonbereinigt.<\/p>\n","protected":false},"excerpt":{"rendered":"<div class=\"tmnf_excerpt\"><p>Der Stellenindex der Bundesagentur f\u00fcr Arbeit (BA-X) in Hessen ist im Februar 2017 um vier Punkte zur\u00fcckgegangen. Mit einem Wert von 211 Punkten wurde der bislang h\u00f6chste Wert in einem Februar seit Beginn der Erhebung erreicht. Damit liegt der BA-X nur leicht unterhalb des im Vormonat erzielten Spitzenwertes und bewegt sich weiterhin auf einem hohen &hellip;<\/p>\n<\/div>","protected":false},"author":1,"featured_media":0,"comment_status":"closed","ping_status":"closed","sticky":false,"template":"","format":"standard","meta":{"footnotes":""},"categories":[1],"tags":[],"class_list":["post-160509","post","type-post","status-publish","format-standard","hentry","category-startseite"],"_links":{"self":[{"href":"https:\/\/www.fuldaernachrichten.de\/index.php?rest_route=\/wp\/v2\/posts\/160509","targetHints":{"allow":["GET"]}}],"collection":[{"href":"https:\/\/www.fuldaernachrichten.de\/index.php?rest_route=\/wp\/v2\/posts"}],"about":[{"href":"https:\/\/www.fuldaernachrichten.de\/index.php?rest_route=\/wp\/v2\/types\/post"}],"author":[{"embeddable":true,"href":"https:\/\/www.fuldaernachrichten.de\/index.php?rest_route=\/wp\/v2\/users\/1"}],"replies":[{"embeddable":true,"href":"https:\/\/www.fuldaernachrichten.de\/index.php?rest_route=%2Fwp%2Fv2%2Fcomments&post=160509"}],"version-history":[{"count":1,"href":"https:\/\/www.fuldaernachrichten.de\/index.php?rest_route=\/wp\/v2\/posts\/160509\/revisions"}],"predecessor-version":[{"id":160514,"href":"https:\/\/www.fuldaernachrichten.de\/index.php?rest_route=\/wp\/v2\/posts\/160509\/revisions\/160514"}],"wp:attachment":[{"href":"https:\/\/www.fuldaernachrichten.de\/index.php?rest_route=%2Fwp%2Fv2%2Fmedia&parent=160509"}],"wp:term":[{"taxonomy":"category","embeddable":true,"href":"https:\/\/www.fuldaernachrichten.de\/index.php?rest_route=%2Fwp%2Fv2%2Fcategories&post=160509"},{"taxonomy":"post_tag","embeddable":true,"href":"https:\/\/www.fuldaernachrichten.de\/index.php?rest_route=%2Fwp%2Fv2%2Ftags&post=160509"}],"curies":[{"name":"wp","href":"https:\/\/api.w.org\/{rel}","templated":true}]}}