{"id":160491,"date":"2017-02-27T09:51:51","date_gmt":"2017-02-27T08:51:51","guid":{"rendered":"http:\/\/www.fuldaer-nachrichten.de\/?p=160491"},"modified":"2017-02-27T09:51:51","modified_gmt":"2017-02-27T08:51:51","slug":"genuss-und-bewegung","status":"publish","type":"post","link":"https:\/\/www.fuldaernachrichten.de\/?p=160491","title":{"rendered":"Genuss und Bewegung"},"content":{"rendered":"<p>Eine gesunde und bewusste Lebensf\u00fchrung bildet die Basis f\u00fcr eine ausgewogene Leistungsf\u00e4higkeit. In einem Seminar der Volkshochschule des Landkreises Fulda sind die Teilnehmer den gr\u00f6\u00dften beruflichen Stressfaktoren und m\u00f6glichen Bew\u00e4ltigungsstrategien auf der Spur. Die Gesundheitswoche ist als Bildungsurlaub beim Hessischen Ministerium f\u00fcr Soziales und Integration anerkannt. Die Anmeldung muss schriftlich erfolgen. Beginn ist am Montag, 3. April, um 9 Uhr in der Vogelsbergschule in Hosenfeld. Infos und Anmeldung mit Kursnummer VO1071560 unter www.vhs-fulda.de oder beim B\u00fcrgerservice, Telefon (0661)6006-1600.<\/p>\n","protected":false},"excerpt":{"rendered":"<div class=\"tmnf_excerpt\"><p>Eine gesunde und bewusste Lebensf\u00fchrung bildet die Basis f\u00fcr eine ausgewogene Leistungsf\u00e4higkeit. In einem Seminar der Volkshochschule des Landkreises Fulda sind die Teilnehmer den gr\u00f6\u00dften beruflichen Stressfaktoren und m\u00f6glichen Bew\u00e4ltigungsstrategien auf der Spur. Die Gesundheitswoche ist als Bildungsurlaub beim Hessischen Ministerium f\u00fcr Soziales und Integration anerkannt. Die Anmeldung muss schriftlich erfolgen. Beginn ist am Montag, &hellip;<\/p>\n<\/div>","protected":false},"author":1,"featured_media":0,"comment_status":"closed","ping_status":"closed","sticky":false,"template":"","format":"standard","meta":{"footnotes":""},"categories":[1],"tags":[],"class_list":["post-160491","post","type-post","status-publish","format-standard","hentry","category-startseite"],"_links":{"self":[{"href":"https:\/\/www.fuldaernachrichten.de\/index.php?rest_route=\/wp\/v2\/posts\/160491","targetHints":{"allow":["GET"]}}],"collection":[{"href":"https:\/\/www.fuldaernachrichten.de\/index.php?rest_route=\/wp\/v2\/posts"}],"about":[{"href":"https:\/\/www.fuldaernachrichten.de\/index.php?rest_route=\/wp\/v2\/types\/post"}],"author":[{"embeddable":true,"href":"https:\/\/www.fuldaernachrichten.de\/index.php?rest_route=\/wp\/v2\/users\/1"}],"replies":[{"embeddable":true,"href":"https:\/\/www.fuldaernachrichten.de\/index.php?rest_route=%2Fwp%2Fv2%2Fcomments&post=160491"}],"version-history":[{"count":1,"href":"https:\/\/www.fuldaernachrichten.de\/index.php?rest_route=\/wp\/v2\/posts\/160491\/revisions"}],"predecessor-version":[{"id":160494,"href":"https:\/\/www.fuldaernachrichten.de\/index.php?rest_route=\/wp\/v2\/posts\/160491\/revisions\/160494"}],"wp:attachment":[{"href":"https:\/\/www.fuldaernachrichten.de\/index.php?rest_route=%2Fwp%2Fv2%2Fmedia&parent=160491"}],"wp:term":[{"taxonomy":"category","embeddable":true,"href":"https:\/\/www.fuldaernachrichten.de\/index.php?rest_route=%2Fwp%2Fv2%2Fcategories&post=160491"},{"taxonomy":"post_tag","embeddable":true,"href":"https:\/\/www.fuldaernachrichten.de\/index.php?rest_route=%2Fwp%2Fv2%2Ftags&post=160491"}],"curies":[{"name":"wp","href":"https:\/\/api.w.org\/{rel}","templated":true}]}}