{"id":160472,"date":"2017-02-24T08:21:34","date_gmt":"2017-02-24T07:21:34","guid":{"rendered":"http:\/\/www.fuldaer-nachrichten.de\/?p=160472"},"modified":"2017-02-24T08:21:34","modified_gmt":"2017-02-24T07:21:34","slug":"buntes-faschingstreiben-im-caritas-altenpflegeheim-st-josef-lady-sigrid-strohbach-regiert","status":"publish","type":"post","link":"https:\/\/www.fuldaernachrichten.de\/?p=160472","title":{"rendered":"Buntes Faschingstreiben im Caritas Altenpflegeheim St. Josef \u2013Lady Sigrid Strohbach regiert"},"content":{"rendered":"<p>Begleitet von einem bunten, n\u00e4rrischen Programm und bei guter Stimmung feierten zahlreiche Angeh\u00f6rige, Freunde und G\u00e4ste auf der achten Seniorensitzung im Caritas Altenpflegeheim St. Josef.<\/p>\n<p>Um 14.31 Uhr war es endlich soweit. Unter begeistertem Klatschen zog der n\u00e4rrische Elferrat des St. Josef sowie die diesj\u00e4hrige Lady Sigrid Strohbach ein. <\/p>\n<p>Nachdem Oliver Trousil als Einrichtungsleiter alle Anwesenden offiziell begr\u00fc\u00dfte und viel Frohsinn und Heiterkeit w\u00fcnschte, f\u00fchrte Kerstin Herber zusammen mit Heinz Strohbach als Sitzungspr\u00e4sident gekonnt und mit einem Feuerwerk an Darbietungen durch das Programm. Besonders gelungen waren zwei Beitr\u00e4ge, die von unserer Bewohnerin Gerda Koch in Form eines Liedes sowie unseren Mitarbeiterinnen Hedwig Sorg und Michaela Wagner mit dem Sketsch \u201eBettgefl\u00fcster\u201c vorgetragen wurden. <\/p>\n<p>Besondere Freude bereitete allen Anwesenden auch die Einm\u00e4rsche und Darbietungen befreundeter Karnevalsvereine, die mittlerweile schon seit vielen Jahren ins St. Josef kommen. So lie\u00dfen es sich der Harmerzer Carnevals Club, die Karnevalsgesellschaft der freiwilligen Feuerwehr Bachrain sowie mit einem gro\u00dfen Gefolge die Floreng\u00e4ssner Brunnenzeche nicht nehmen mit ihren aktuellen Tollit\u00e4ten ins n\u00e4rrische St. Josef einzuziehen. Doch dem nicht genug, so konnten in diesem Jahr mit der Showtanzgruppe der Sportgemeinschaft Edelzell und den Fastnachtss\u00e4ngern der FKG zwei weitere das Programm bereichernde Vereine im Haus begr\u00fc\u00dft werden. So wurden die vielf\u00e4ltigen Auftritte der Tanzgruppen, die Einm\u00e4rsche der Tollit\u00e4ten sowie musikalischen Beitr\u00e4ge der Brunnenzeche und der Fastnachtss\u00e4nger auch mit tosendem Beifall belohnten.<\/p>\n<p>Zum Abschluss lie\u00df es sich Sitzungspr\u00e4sident Heinz nicht nehmen, nochmals zu ihren N\u00e4rrinnen und Narren zu sprechen, ehe Oliver Trousil allen Aktiven hinter und vor der B\u00fchne seinen Dank f\u00fcr den gelungen Nachmittag aussprach. <\/p>\n","protected":false},"excerpt":{"rendered":"<div class=\"tmnf_excerpt\"><p>Begleitet von einem bunten, n\u00e4rrischen Programm und bei guter Stimmung feierten zahlreiche Angeh\u00f6rige, Freunde und G\u00e4ste auf der achten Seniorensitzung im Caritas Altenpflegeheim St. Josef. Um 14.31 Uhr war es endlich soweit. Unter begeistertem Klatschen zog der n\u00e4rrische Elferrat des St. Josef sowie die diesj\u00e4hrige Lady Sigrid Strohbach ein. Nachdem Oliver Trousil als Einrichtungsleiter alle &hellip;<\/p>\n<\/div>","protected":false},"author":1,"featured_media":0,"comment_status":"closed","ping_status":"closed","sticky":false,"template":"","format":"standard","meta":{"footnotes":""},"categories":[1],"tags":[],"class_list":["post-160472","post","type-post","status-publish","format-standard","hentry","category-startseite"],"_links":{"self":[{"href":"https:\/\/www.fuldaernachrichten.de\/index.php?rest_route=\/wp\/v2\/posts\/160472","targetHints":{"allow":["GET"]}}],"collection":[{"href":"https:\/\/www.fuldaernachrichten.de\/index.php?rest_route=\/wp\/v2\/posts"}],"about":[{"href":"https:\/\/www.fuldaernachrichten.de\/index.php?rest_route=\/wp\/v2\/types\/post"}],"author":[{"embeddable":true,"href":"https:\/\/www.fuldaernachrichten.de\/index.php?rest_route=\/wp\/v2\/users\/1"}],"replies":[{"embeddable":true,"href":"https:\/\/www.fuldaernachrichten.de\/index.php?rest_route=%2Fwp%2Fv2%2Fcomments&post=160472"}],"version-history":[{"count":1,"href":"https:\/\/www.fuldaernachrichten.de\/index.php?rest_route=\/wp\/v2\/posts\/160472\/revisions"}],"predecessor-version":[{"id":160477,"href":"https:\/\/www.fuldaernachrichten.de\/index.php?rest_route=\/wp\/v2\/posts\/160472\/revisions\/160477"}],"wp:attachment":[{"href":"https:\/\/www.fuldaernachrichten.de\/index.php?rest_route=%2Fwp%2Fv2%2Fmedia&parent=160472"}],"wp:term":[{"taxonomy":"category","embeddable":true,"href":"https:\/\/www.fuldaernachrichten.de\/index.php?rest_route=%2Fwp%2Fv2%2Fcategories&post=160472"},{"taxonomy":"post_tag","embeddable":true,"href":"https:\/\/www.fuldaernachrichten.de\/index.php?rest_route=%2Fwp%2Fv2%2Ftags&post=160472"}],"curies":[{"name":"wp","href":"https:\/\/api.w.org\/{rel}","templated":true}]}}