{"id":160401,"date":"2017-02-22T07:43:12","date_gmt":"2017-02-22T06:43:12","guid":{"rendered":"http:\/\/www.fuldaer-nachrichten.de\/?p=160401"},"modified":"2017-02-22T07:43:12","modified_gmt":"2017-02-22T06:43:12","slug":"einmarschabend-bei-antonius","status":"publish","type":"post","link":"https:\/\/www.fuldaernachrichten.de\/?p=160401","title":{"rendered":"Einmarschabend bei antonius"},"content":{"rendered":"<p>Am kommenden Freitag, 24. Februar 2016, hei\u00dft es bei antonius \u2013 Netzwerk Mensch in der bunt geschm\u00fcckten Narrhalla \u201eHelau zum gro\u00dfen Einmarschabend der Fuldaer Fastnachtsvereine\u201c.<\/p>\n<p>In bew\u00e4hrter Tradition haben sich diesem Jahr wieder der T\u00fcrkenbund, die Sickelser B\u00fcrgerfastnacht, der Karnevalsverein S\u00fcdend, der FFCK, der Carnevalsclub Haimbach, die Aschenberger Wolkenkratzer und nat\u00fcrlich die Fuldaer Karnevalsgesellschaft um den diesj\u00e4hrigen Dirk Novus Hotelicus LXXVI. (76.) angek\u00fcndigt. Die Prinzen, F\u00fcrsten, Marschalle, Gouverneure, Musikz\u00fcge, Prinzenmariechen und Show- und Tanzgarden der Vereine werden dabei ihr n\u00e4rrisches K\u00f6nnen unter Beweis stellen und f\u00fcr einen stimmungsvollen und farbenfrohen Abend sorgen. Los geht\u00e2\u20ac\u2122s ab 17:17 Uhr. Um 17.30 Uhr er\u00f6ffnet der Einmarsch und die Inthronisierung des diesj\u00e4hrigen Prinzenpaares von antonius: De Jong Glenn Siebert und sei M\u00e4je Gabriele Schmidt.<\/p>\n<p>Die Veranstaltung findet in der Turnhalle von antonius, An St. Kathrin 4, statt.<\/p>\n<p>Der Eintritt ist frei.<\/p>\n<p>&nbsp;<\/p>\n","protected":false},"excerpt":{"rendered":"<div class=\"tmnf_excerpt\"><p>Am kommenden Freitag, 24. Februar 2016, hei\u00dft es bei antonius \u2013 Netzwerk Mensch in der bunt geschm\u00fcckten Narrhalla \u201eHelau zum gro\u00dfen Einmarschabend der Fuldaer Fastnachtsvereine\u201c. In bew\u00e4hrter Tradition haben sich diesem Jahr wieder der T\u00fcrkenbund, die Sickelser B\u00fcrgerfastnacht, der Karnevalsverein S\u00fcdend, der FFCK, der Carnevalsclub Haimbach, die Aschenberger Wolkenkratzer und nat\u00fcrlich die Fuldaer Karnevalsgesellschaft um &hellip;<\/p>\n<\/div>","protected":false},"author":1,"featured_media":0,"comment_status":"closed","ping_status":"closed","sticky":false,"template":"","format":"standard","meta":{"footnotes":""},"categories":[1],"tags":[],"class_list":["post-160401","post","type-post","status-publish","format-standard","hentry","category-startseite"],"_links":{"self":[{"href":"https:\/\/www.fuldaernachrichten.de\/index.php?rest_route=\/wp\/v2\/posts\/160401","targetHints":{"allow":["GET"]}}],"collection":[{"href":"https:\/\/www.fuldaernachrichten.de\/index.php?rest_route=\/wp\/v2\/posts"}],"about":[{"href":"https:\/\/www.fuldaernachrichten.de\/index.php?rest_route=\/wp\/v2\/types\/post"}],"author":[{"embeddable":true,"href":"https:\/\/www.fuldaernachrichten.de\/index.php?rest_route=\/wp\/v2\/users\/1"}],"replies":[{"embeddable":true,"href":"https:\/\/www.fuldaernachrichten.de\/index.php?rest_route=%2Fwp%2Fv2%2Fcomments&post=160401"}],"version-history":[{"count":1,"href":"https:\/\/www.fuldaernachrichten.de\/index.php?rest_route=\/wp\/v2\/posts\/160401\/revisions"}],"predecessor-version":[{"id":160404,"href":"https:\/\/www.fuldaernachrichten.de\/index.php?rest_route=\/wp\/v2\/posts\/160401\/revisions\/160404"}],"wp:attachment":[{"href":"https:\/\/www.fuldaernachrichten.de\/index.php?rest_route=%2Fwp%2Fv2%2Fmedia&parent=160401"}],"wp:term":[{"taxonomy":"category","embeddable":true,"href":"https:\/\/www.fuldaernachrichten.de\/index.php?rest_route=%2Fwp%2Fv2%2Fcategories&post=160401"},{"taxonomy":"post_tag","embeddable":true,"href":"https:\/\/www.fuldaernachrichten.de\/index.php?rest_route=%2Fwp%2Fv2%2Ftags&post=160401"}],"curies":[{"name":"wp","href":"https:\/\/api.w.org\/{rel}","templated":true}]}}