{"id":160398,"date":"2017-02-22T07:45:18","date_gmt":"2017-02-22T06:45:18","guid":{"rendered":"http:\/\/www.fuldaer-nachrichten.de\/?p=160398"},"modified":"2017-02-22T07:45:18","modified_gmt":"2017-02-22T06:45:18","slug":"15-000-e-fuer-biologisch-dynamische-landwirtschaft-tegut-und-seine-kunden-unterstuetzen","status":"publish","type":"post","link":"https:\/\/www.fuldaernachrichten.de\/?p=160398","title":{"rendered":"15.000 \u00e2\u201a\u00ac f\u00fcr biologisch-dynamische Landwirtschaft &#8211; tegut\u00e2\u20ac\u00a6 und seine Kunden unterst\u00fctzen"},"content":{"rendered":"<p>Auf der BioFach Messe in N\u00fcrnberg \u00fcbergab der tegut\u00e2\u20ac\u00a6 Gesch\u00e4ftsf\u00fchrer Thomas Gutberlet zusammen mit Thorsten Heil am 16. Februar eine Spende von 15.000 \u00e2\u201a\u00ac an den Kultursaat e.V.. Der Leiter des Obst- und Gem\u00fcseeinkaufes freut sich, als Handelsunternehmen gemeinsam mit den Kunden einen Beitrag zur St\u00e4rkung der biologisch-dynamischen Landwirtschaft und zum Erhalt der Sortenvielfalt leisten zu k\u00f6nnen.<\/p>\n<p><strong>Biologisch-dynamische Produkte erfreuen sich steigender Beliebtheit<\/strong><\/p>\n<p>Michael Fleck bedankte sich: \u201eUnsere Z\u00fcchter bearbeiten alle wichtigen Gem\u00fcsearten\u201c. Laut dem Gesch\u00e4ftsf\u00fchrer des gemeinn\u00fctzigen Vereins Kultursaat flie\u00dfe die Spende von tegut&#8230; und seinen Kunden in konkrete Sortenentwicklungsprojekte: \u201eSo unterst\u00fctzen die K\u00e4ufer des Saatgutes von Beginn an \u00fcber den Entstehungsprozess bis hin zur Markteinf\u00fchrung\u201c. Gutberlet freut sich, dass die Kunden bewusst zu biologisch-dynamischen Produkten und Saatgut ohne CMS greifen, und das trotz des breiten konventionellen Angebotes. Pro gekaufter T\u00fcte Saatgut werden 0,25 \u00e2\u201a\u00ac gespendet.<\/p>\n<p>&nbsp;<\/p>\n<p><strong>Bild:<\/strong>\u00c2\u00a0Gemeinsam f\u00fcr biologisch-dynamische Z\u00fcchtung: Thomas Gutberlet \u00fcberreicht die Spende von 15.000 \u00e2\u201a\u00ac an Michael Fleck.<\/p>\n<p>Von links: Thomas Gutberlet, tegut\u00e2\u20ac\u00a6 Gesch\u00e4ftsf\u00fchrer; Petra Boje, Vorstand Bingenheimer Saatgut, Thorsten Heil, Bereichsleiter Obst- und Gem\u00fcseeinkauf tegut\u00e2\u20ac\u00a6, Michael Fleck, Gesch\u00e4ftsf\u00fchrer Kultursaat e.V. und Andr\u00e9 Wagner, stellvertretender Bereichsleiter Obst- und Gem\u00fcseeinkauf tegut\u00e2\u20ac\u00a6<\/p>\n<p>&nbsp;<\/p>\n","protected":false},"excerpt":{"rendered":"<div class=\"tmnf_excerpt\"><p>Auf der BioFach Messe in N\u00fcrnberg \u00fcbergab der tegut\u00e2\u20ac\u00a6 Gesch\u00e4ftsf\u00fchrer Thomas Gutberlet zusammen mit Thorsten Heil am 16. Februar eine Spende von 15.000 \u00e2\u201a\u00ac an den Kultursaat e.V.. Der Leiter des Obst- und Gem\u00fcseeinkaufes freut sich, als Handelsunternehmen gemeinsam mit den Kunden einen Beitrag zur St\u00e4rkung der biologisch-dynamischen Landwirtschaft und zum Erhalt der Sortenvielfalt leisten &hellip;<\/p>\n<\/div>","protected":false},"author":1,"featured_media":160405,"comment_status":"closed","ping_status":"closed","sticky":false,"template":"","format":"standard","meta":{"footnotes":""},"categories":[1],"tags":[],"class_list":["post-160398","post","type-post","status-publish","format-standard","has-post-thumbnail","hentry","category-startseite"],"_links":{"self":[{"href":"https:\/\/www.fuldaernachrichten.de\/index.php?rest_route=\/wp\/v2\/posts\/160398","targetHints":{"allow":["GET"]}}],"collection":[{"href":"https:\/\/www.fuldaernachrichten.de\/index.php?rest_route=\/wp\/v2\/posts"}],"about":[{"href":"https:\/\/www.fuldaernachrichten.de\/index.php?rest_route=\/wp\/v2\/types\/post"}],"author":[{"embeddable":true,"href":"https:\/\/www.fuldaernachrichten.de\/index.php?rest_route=\/wp\/v2\/users\/1"}],"replies":[{"embeddable":true,"href":"https:\/\/www.fuldaernachrichten.de\/index.php?rest_route=%2Fwp%2Fv2%2Fcomments&post=160398"}],"version-history":[{"count":1,"href":"https:\/\/www.fuldaernachrichten.de\/index.php?rest_route=\/wp\/v2\/posts\/160398\/revisions"}],"predecessor-version":[{"id":160406,"href":"https:\/\/www.fuldaernachrichten.de\/index.php?rest_route=\/wp\/v2\/posts\/160398\/revisions\/160406"}],"wp:featuredmedia":[{"embeddable":true,"href":"https:\/\/www.fuldaernachrichten.de\/index.php?rest_route=\/wp\/v2\/media\/160405"}],"wp:attachment":[{"href":"https:\/\/www.fuldaernachrichten.de\/index.php?rest_route=%2Fwp%2Fv2%2Fmedia&parent=160398"}],"wp:term":[{"taxonomy":"category","embeddable":true,"href":"https:\/\/www.fuldaernachrichten.de\/index.php?rest_route=%2Fwp%2Fv2%2Fcategories&post=160398"},{"taxonomy":"post_tag","embeddable":true,"href":"https:\/\/www.fuldaernachrichten.de\/index.php?rest_route=%2Fwp%2Fv2%2Ftags&post=160398"}],"curies":[{"name":"wp","href":"https:\/\/api.w.org\/{rel}","templated":true}]}}