{"id":160396,"date":"2017-02-22T07:41:03","date_gmt":"2017-02-22T06:41:03","guid":{"rendered":"http:\/\/www.fuldaer-nachrichten.de\/?p=160396"},"modified":"2017-02-22T07:41:03","modified_gmt":"2017-02-22T06:41:03","slug":"fastenpredigten-im-dom-2","status":"publish","type":"post","link":"https:\/\/www.fuldaernachrichten.de\/?p=160396","title":{"rendered":"Fastenpredigten im Dom"},"content":{"rendered":"<p>Die Fastenpredigten im Hohen Dom zu Fulda h\u00e4lt im Jahr 2017 Bischof Heinz Josef Algermissen jeweils sonntags im Kathedralamt um 10 Uhr. Er\u00f6ffnet wird der Predigtzyklus am 2. Fastensonntag, 12. M\u00e4rz, mit dem Thema \u201eWenn sich die Nebel lichten\u00e2\u20ac\u00a6\u201c (zu Mt 17, 1-9). Am 3. Fastensonntag, 19. M\u00e4rz, lautet das Predigtthema \u201eErleuchtet zur Kenntnis des g\u00f6ttlichen Glanzes auf dem Antlitz Christi\u201c (2 Kor 4, 16). Am 4. Fastensonntag, 26. M\u00e4rz, predigt der Oberhirte \u00fcber \u201eUnfassbare Liebe \u2013 unbegreifliches Erbarmen\u201c (zu Lk 15, 1-3, 11-32) und am 5. Fastensonntag, 2. April, \u00fcber \u201eAustausch gegen den Tod\u201c (zu Joh 11, 1-45).<\/p>\n","protected":false},"excerpt":{"rendered":"<div class=\"tmnf_excerpt\"><p>Die Fastenpredigten im Hohen Dom zu Fulda h\u00e4lt im Jahr 2017 Bischof Heinz Josef Algermissen jeweils sonntags im Kathedralamt um 10 Uhr. Er\u00f6ffnet wird der Predigtzyklus am 2. Fastensonntag, 12. M\u00e4rz, mit dem Thema \u201eWenn sich die Nebel lichten\u00e2\u20ac\u00a6\u201c (zu Mt 17, 1-9). Am 3. Fastensonntag, 19. M\u00e4rz, lautet das Predigtthema \u201eErleuchtet zur Kenntnis des &hellip;<\/p>\n<\/div>","protected":false},"author":1,"featured_media":0,"comment_status":"closed","ping_status":"closed","sticky":false,"template":"","format":"standard","meta":{"footnotes":""},"categories":[1],"tags":[],"class_list":["post-160396","post","type-post","status-publish","format-standard","hentry","category-startseite"],"_links":{"self":[{"href":"https:\/\/www.fuldaernachrichten.de\/index.php?rest_route=\/wp\/v2\/posts\/160396","targetHints":{"allow":["GET"]}}],"collection":[{"href":"https:\/\/www.fuldaernachrichten.de\/index.php?rest_route=\/wp\/v2\/posts"}],"about":[{"href":"https:\/\/www.fuldaernachrichten.de\/index.php?rest_route=\/wp\/v2\/types\/post"}],"author":[{"embeddable":true,"href":"https:\/\/www.fuldaernachrichten.de\/index.php?rest_route=\/wp\/v2\/users\/1"}],"replies":[{"embeddable":true,"href":"https:\/\/www.fuldaernachrichten.de\/index.php?rest_route=%2Fwp%2Fv2%2Fcomments&post=160396"}],"version-history":[{"count":1,"href":"https:\/\/www.fuldaernachrichten.de\/index.php?rest_route=\/wp\/v2\/posts\/160396\/revisions"}],"predecessor-version":[{"id":160397,"href":"https:\/\/www.fuldaernachrichten.de\/index.php?rest_route=\/wp\/v2\/posts\/160396\/revisions\/160397"}],"wp:attachment":[{"href":"https:\/\/www.fuldaernachrichten.de\/index.php?rest_route=%2Fwp%2Fv2%2Fmedia&parent=160396"}],"wp:term":[{"taxonomy":"category","embeddable":true,"href":"https:\/\/www.fuldaernachrichten.de\/index.php?rest_route=%2Fwp%2Fv2%2Fcategories&post=160396"},{"taxonomy":"post_tag","embeddable":true,"href":"https:\/\/www.fuldaernachrichten.de\/index.php?rest_route=%2Fwp%2Fv2%2Ftags&post=160396"}],"curies":[{"name":"wp","href":"https:\/\/api.w.org\/{rel}","templated":true}]}}