{"id":160384,"date":"2017-02-22T07:35:31","date_gmt":"2017-02-22T06:35:31","guid":{"rendered":"http:\/\/www.fuldaer-nachrichten.de\/?p=160384"},"modified":"2017-02-22T07:35:31","modified_gmt":"2017-02-22T06:35:31","slug":"vhs-was-ist-mit-unserem-wetter-los","status":"publish","type":"post","link":"https:\/\/www.fuldaernachrichten.de\/?p=160384","title":{"rendered":"VHS &#8211; Was ist mit unserem Wetter los?"},"content":{"rendered":"<p>Schneearme Winter, anhaltende Trockenheit im Fr\u00fchjahr, Sturzregen im Sommer und St\u00fcrme im Herbst pr\u00e4gen unser Klima in Mitteleuropa zunehmend. Wie lassen sich die Ph\u00e4nomen einordnen und verstehen? Dazu gibt ein Seminar der St\u00e4dtischen Volkshochschule Orientierung und Einblick in komplexe Zusammenh\u00e4nge. Roland Schmidt, Diplom-Meteorloge aus Marburg, leitet den Kurs, der an zwei Abenden stattfindet. Beginn ist Mittwoch, der 1.3.17,  um 18.30 Uhr im vhs-Haus, Kanzlerpalais.<\/p>\n","protected":false},"excerpt":{"rendered":"<div class=\"tmnf_excerpt\"><p>Schneearme Winter, anhaltende Trockenheit im Fr\u00fchjahr, Sturzregen im Sommer und St\u00fcrme im Herbst pr\u00e4gen unser Klima in Mitteleuropa zunehmend. Wie lassen sich die Ph\u00e4nomen einordnen und verstehen? Dazu gibt ein Seminar der St\u00e4dtischen Volkshochschule Orientierung und Einblick in komplexe Zusammenh\u00e4nge. Roland Schmidt, Diplom-Meteorloge aus Marburg, leitet den Kurs, der an zwei Abenden stattfindet. Beginn ist &hellip;<\/p>\n<\/div>","protected":false},"author":1,"featured_media":0,"comment_status":"closed","ping_status":"closed","sticky":false,"template":"","format":"standard","meta":{"footnotes":""},"categories":[1],"tags":[],"class_list":["post-160384","post","type-post","status-publish","format-standard","hentry","category-startseite"],"_links":{"self":[{"href":"https:\/\/www.fuldaernachrichten.de\/index.php?rest_route=\/wp\/v2\/posts\/160384","targetHints":{"allow":["GET"]}}],"collection":[{"href":"https:\/\/www.fuldaernachrichten.de\/index.php?rest_route=\/wp\/v2\/posts"}],"about":[{"href":"https:\/\/www.fuldaernachrichten.de\/index.php?rest_route=\/wp\/v2\/types\/post"}],"author":[{"embeddable":true,"href":"https:\/\/www.fuldaernachrichten.de\/index.php?rest_route=\/wp\/v2\/users\/1"}],"replies":[{"embeddable":true,"href":"https:\/\/www.fuldaernachrichten.de\/index.php?rest_route=%2Fwp%2Fv2%2Fcomments&post=160384"}],"version-history":[{"count":1,"href":"https:\/\/www.fuldaernachrichten.de\/index.php?rest_route=\/wp\/v2\/posts\/160384\/revisions"}],"predecessor-version":[{"id":160385,"href":"https:\/\/www.fuldaernachrichten.de\/index.php?rest_route=\/wp\/v2\/posts\/160384\/revisions\/160385"}],"wp:attachment":[{"href":"https:\/\/www.fuldaernachrichten.de\/index.php?rest_route=%2Fwp%2Fv2%2Fmedia&parent=160384"}],"wp:term":[{"taxonomy":"category","embeddable":true,"href":"https:\/\/www.fuldaernachrichten.de\/index.php?rest_route=%2Fwp%2Fv2%2Fcategories&post=160384"},{"taxonomy":"post_tag","embeddable":true,"href":"https:\/\/www.fuldaernachrichten.de\/index.php?rest_route=%2Fwp%2Fv2%2Ftags&post=160384"}],"curies":[{"name":"wp","href":"https:\/\/api.w.org\/{rel}","templated":true}]}}