{"id":160359,"date":"2017-02-20T22:51:05","date_gmt":"2017-02-20T21:51:05","guid":{"rendered":"http:\/\/www.fuldaer-nachrichten.de\/?p=160359"},"modified":"2017-02-20T22:51:05","modified_gmt":"2017-02-20T21:51:05","slug":"landkreis-und-stadt-fulda-loben-die-engagierte-arbeit-der-awo-dankesworte-auf-dem-traditionellen-neujahrsempfang","status":"publish","type":"post","link":"https:\/\/www.fuldaernachrichten.de\/?p=160359","title":{"rendered":"Landkreis- und Stadt Fulda loben die engagierte Arbeit der AWO  Dankesworte auf dem traditionellen Neujahrsempfang"},"content":{"rendered":"<p>Der AWO Kreisverband Fulda hat seine Mitglieder, Mitarbeiter und G\u00e4ste zum tradi-tionellen Neujahrsempfang ins B\u00fcrgerzentrum Aschenberg geladen, um gleichzeitig R\u00fcck- und Ausblick auf die Arbeit der AWO in unserer Region zu geben.<\/p>\n<p>Der Kreisvorsitzende Bernhard Lindner er\u00f6ffnete den Empfang mit der Begr\u00fc\u00dfung aller Anwesenden und der zahlreichen Vertreter von Stadt Fulda und Landkreis, der kommunalen Gremien, dem Land Hessen, der Bundespolitik und der AWO. Er dank-te allen f\u00fcr die vertrauensvolle und zielf\u00fchrende Zusammenarbeit auf allen Ebenen, ohne die die vielen Aktivit\u00e4ten des Kreisverbands gar nicht m\u00f6glich w\u00e4ren. <\/p>\n<p>Besonders dankte er den Besch\u00e4ftigten der AWO Fulda, egal ob haupt- oder ehren-amtlichen, f\u00fcr ihre engagierte Arbeit im vergangenen Jahr. <\/p>\n<p>Danach stellte der Gesch\u00e4ftsf\u00fchrer der AWO, Herr Wolfram Latsch, das f\u00fcr die AWO ereignisreiche und bewegte Jahr 2016 vor und gab einen Ausblick auf 2017. Domi-nierende Themen sind und bleiben vor allem die Integrationsarbeit von Fl\u00fcchtlingen, die gerade in eine neue Phase \u00fcbergeht. Statt reine Notfallhilfe m\u00fcsse jetzt der Fo-kus auf Integration in Arbeit, Wohnung und Gesellschaft im Fokus stehen. Hier mahnt Latsch mehr Zusammenarbeit auf den verschiedenen politischen Ebenen an, um schnell und zielf\u00fchrend innovative Integrationsma\u00dfnahmen zu entwickeln und umzusetzen. \u201eDie AWO Fulda hat bereits in 2016 viele kleine Ma\u00dfnahmen begon-nen, die wir auch weiterf\u00fchren wollen. Wir k\u00f6nnen hier gut auf unsere bestehenden Angebote, wie die Besch\u00e4ftigungsprojekte oder die Begegnungszentren, aufbauen und gemeinsam mit Ihnen vorandenken\u201c.<br \/>\nAls weiteres Thema sprach er die immer schwieriger werdenden finanziellen und strukturellen Rahmenbedingungen der Betreuungsvereine an. Entscheidungen zu diesem Thema m\u00fcssten hier auf Bundesebene getroffen werden, was die Bundes-tagsabgeordnete Birgit K\u00f6mpel dankbar als Anregung aufnahm.<\/p>\n<p>Gru\u00dfworte sprachen Stadtrat Gerhard Stollberg in Vertretung des Oberb\u00fcrgermei-sters und des B\u00fcrgermeisters der Stadt Fulda, der die AWO bat gerade auch im Pro-jekt Soziale Stadt Ziehers S\u00fcd ihre Erfahrungen einzubringen. Die Kreisbeigeordnete Frau Daniela B\u00f6schen richtete Gr\u00fc\u00dfe des Landrats aus und lobte die AWO, die auch in schwierigen Lagen nicht aufgebe. Die Bundestagsangeordnete Birgit K\u00f6mpel be-tonte in \u201efastnachtlichen\u201c Reimen die gute Zusammenarbeit auch in Bundesprojek-ten. Jonathan Wulf richtete Gr\u00fc\u00dfe der SPD Fraktionen aus.<br \/>\nAuch die vor kurzem neu gew\u00e4hlte Vorsitzende des AWO Bezirksverbands Nordhes-sen, die den Kreisverband zum ersten Mal besuchte, dankte f\u00fcr die innovative und an den Grundwerten der AWO orientierte Arbeit. Sie freue sich bereits sehr, Fulda ein weiteres Mal in diesem Jahr besuchen zu d\u00fcrfen, n\u00e4mlich am AWO AKTIONS-TAG 2017 des Bezirks Nordhessen, der am 20.05.2017 in der Domstadt stattfinden wird.<\/p>\n<p>Abschlie\u00dfend stellte Frau Oxana Steinmetz (AWO Projektleiterin) das Qualifizie-rungs- und Bildungsprojekt f\u00fcr Frauen und M\u00fctter \u201eTake Off &#8211; Stark im Beruf\u201c vor. Hier werden Frauen mit Migrationshintergrund auf das Berufsleben vorbereitet und qualifiziert. Ziel ist die Vermittlung in Arbeit. Auch die AWO konnte in der Vergangen-heit schon davon profitieren. Es ist eines der AWO Projekte, die von vornherein ne-ben anderen auch auf die Zielgruppe von Fl\u00fcchtlingen ausgerichtet ist. Das Projekt wird \u00fcber das Kommunale Kreisjobcenter und das Bundesministerium f\u00fcr Familie, Senioren, Frauen und Jugend gef\u00f6rdert.<\/p>\n<p>Die k\u00fcnstlerische Umrahmung der Veranstaltung erfolgte durch Kinder von Stadtteil-m\u00fcttern mit Pr\u00e4sentationen klassischer Musikst\u00fccke am Klavier und an der Harfe. <\/p>\n","protected":false},"excerpt":{"rendered":"<div class=\"tmnf_excerpt\"><p>Der AWO Kreisverband Fulda hat seine Mitglieder, Mitarbeiter und G\u00e4ste zum tradi-tionellen Neujahrsempfang ins B\u00fcrgerzentrum Aschenberg geladen, um gleichzeitig R\u00fcck- und Ausblick auf die Arbeit der AWO in unserer Region zu geben. Der Kreisvorsitzende Bernhard Lindner er\u00f6ffnete den Empfang mit der Begr\u00fc\u00dfung aller Anwesenden und der zahlreichen Vertreter von Stadt Fulda und Landkreis, der kommunalen &hellip;<\/p>\n<\/div>","protected":false},"author":1,"featured_media":0,"comment_status":"closed","ping_status":"closed","sticky":false,"template":"","format":"standard","meta":{"footnotes":""},"categories":[1],"tags":[],"class_list":["post-160359","post","type-post","status-publish","format-standard","hentry","category-startseite"],"_links":{"self":[{"href":"https:\/\/www.fuldaernachrichten.de\/index.php?rest_route=\/wp\/v2\/posts\/160359","targetHints":{"allow":["GET"]}}],"collection":[{"href":"https:\/\/www.fuldaernachrichten.de\/index.php?rest_route=\/wp\/v2\/posts"}],"about":[{"href":"https:\/\/www.fuldaernachrichten.de\/index.php?rest_route=\/wp\/v2\/types\/post"}],"author":[{"embeddable":true,"href":"https:\/\/www.fuldaernachrichten.de\/index.php?rest_route=\/wp\/v2\/users\/1"}],"replies":[{"embeddable":true,"href":"https:\/\/www.fuldaernachrichten.de\/index.php?rest_route=%2Fwp%2Fv2%2Fcomments&post=160359"}],"version-history":[{"count":1,"href":"https:\/\/www.fuldaernachrichten.de\/index.php?rest_route=\/wp\/v2\/posts\/160359\/revisions"}],"predecessor-version":[{"id":160360,"href":"https:\/\/www.fuldaernachrichten.de\/index.php?rest_route=\/wp\/v2\/posts\/160359\/revisions\/160360"}],"wp:attachment":[{"href":"https:\/\/www.fuldaernachrichten.de\/index.php?rest_route=%2Fwp%2Fv2%2Fmedia&parent=160359"}],"wp:term":[{"taxonomy":"category","embeddable":true,"href":"https:\/\/www.fuldaernachrichten.de\/index.php?rest_route=%2Fwp%2Fv2%2Fcategories&post=160359"},{"taxonomy":"post_tag","embeddable":true,"href":"https:\/\/www.fuldaernachrichten.de\/index.php?rest_route=%2Fwp%2Fv2%2Ftags&post=160359"}],"curies":[{"name":"wp","href":"https:\/\/api.w.org\/{rel}","templated":true}]}}