{"id":160358,"date":"2017-02-20T22:53:35","date_gmt":"2017-02-20T21:53:35","guid":{"rendered":"http:\/\/www.fuldaer-nachrichten.de\/?p=160358"},"modified":"2017-02-20T22:53:35","modified_gmt":"2017-02-20T21:53:35","slug":"thorn-ploeger-als-geschaeftsfuehrer-der-rhoen-gmbh-offiziell-vorgestellt","status":"publish","type":"post","link":"https:\/\/www.fuldaernachrichten.de\/?p=160358","title":{"rendered":"Thorn Pl\u00f6ger als Gesch\u00e4ftsf\u00fchrer der Rh\u00f6n GmbH offiziell vorgestellt"},"content":{"rendered":"<p>Es war mit Sicherheit die gr\u00f6\u00dfte Herausforderung, mit der es die Regionale Arbeitsgemeinschaft (ARGE) Rh\u00f6n seit ihrem Bestehen zu tun hatte, n\u00e4mlich eine neue Tourismusstruktur f\u00fcr die Destination Rh\u00f6n auf den Weg zu bringen. Seit 1. Februar hat die Rh\u00f6n GmbH ihre Arbeit aufgenommen und damit auch ihr Gesch\u00e4ftsf\u00fchrer Thorn Pl\u00f6ger.<br \/>\n\u201eDie bisherige Struktur mit jeweils eigenen Tourismusorganisationen in allen drei Bundesl\u00e4ndern der Rh\u00f6n und die parallele Existenz der Dachmarke Rh\u00f6n haben eine strategische Neuausrichtung ganz einfach verlangt\u201c, sagte Thomas Bold im Rahmen einer Pressekonferenz in Bad Kissingen. Sinn und Zweck der neu gegr\u00fcndeten Rh\u00f6n GmbH seien eine komplette Neustrukturierung des Rh\u00f6n-Tourismus und eine engere Verzahnung zwischen touristischen Angeboten und den Produkten der Dachmarke Rh\u00f6n, f\u00fcgte er hinzu.<br \/>\nGesellschafter der Rh\u00f6n GmbH seien die Landkreise Bad Kissingen und Rh\u00f6n-Grabfeld in Bayern, Fulda in Hessen sowie der Wartburgkreis und der Landkreis Schmalkalden-Meiningen in Th\u00fcringen. Alles, was es bisher an Infrastruktur, Einrichtungen und Leistungen gegeben habe, sei in diese \u00fcbergegangen \u2013 ebenso die Dachmarke Rh\u00f6n GmbH, der vor allem die Produktvermarktung oblag. Die Rh\u00f6n GmbH werde nun all diese Leistungen \u00fcbernehmen und als Ansprechpartner f\u00fcr die Leistungstr\u00e4ger und Markennutzer in der Rh\u00f6n durch Kompetenzcenter in den einzelnen Landkreisen fungieren. Der Leitspruch laute dabei \u201ezentrale Kompetenz und dezentrale Pr\u00e4senz\u201c, hob der ARGE-Vorsitzende hervor.<br \/>\nDie ARGE Rh\u00f6n habe Thorn Pl\u00f6ger als Gesch\u00e4ftsf\u00fchrer f\u00fcr die Rh\u00f6n GmbH eingestellt, weil man sich sicher sei, dass er aufgrund seiner beruflichen Erfahrungen die nicht ganz einfachen Aufgaben einer Neuausrichtung und Neustrukturierung der Vermarktung der Rh\u00f6n bew\u00e4ltigen k\u00f6nne und das Ganze zu einem l\u00e4nder\u00fcbergreifenden Erfolg f\u00fchren werde.<br \/>\nWie die neue interne Struktur der Rh\u00f6n GmbH im Detail aussehen soll, werde in Ruhe und mit Bedacht festgelegt, betonte Thorn Pl\u00f6ger. \u201eWichtig ist jedoch, dass alle Gemeinden, St\u00e4dte und Kommunen der Rh\u00f6n sich im Portfolio der Betreuung und der Information der Rh\u00f6n ebenso wiederfinden wie alle Leistungserbringer.\u201c Als n\u00e4chstes plane er, allen Mitarbeitern die M\u00f6glichkeit zu geben, ein pers\u00f6nliches Gespr\u00e4ch mit ihm zu f\u00fchren. Er habe bereits festgestellt, dass es zahlreiche Mitarbeiter in der Rh\u00f6n GmbH gebe, die alle den neuen gemeinsamen Weg mitgehen wollen und deren W\u00fcnsche und St\u00e4rken er f\u00f6rdern werde. Seine neue Aufgabe sei nicht einfach, aber spannend und sch\u00f6n. Man werde auch zun\u00e4chst auf allen bislang gebuchten Messen weiter pr\u00e4sent sein und danach schauen, auf welche Messen man weiterhin seinen Fokus sowohl im Tourismus als auch im Markenbereich legt. \u201eDie Rh\u00f6n ist auch f\u00fcr mich ein Markenprodukt\u201c, stellte Pl\u00f6ger abschlie\u00dfend fest.<br \/>\nThorn Pl\u00f6ger ist 49 Jahre alt und stammt aus Lemgo in Nordrhein-Westfalen. Zuletzt war er Verwaltungsleiter an der Hescuro-Klinik in Bad Kissingen.<\/p>\n","protected":false},"excerpt":{"rendered":"<div class=\"tmnf_excerpt\"><p>Es war mit Sicherheit die gr\u00f6\u00dfte Herausforderung, mit der es die Regionale Arbeitsgemeinschaft (ARGE) Rh\u00f6n seit ihrem Bestehen zu tun hatte, n\u00e4mlich eine neue Tourismusstruktur f\u00fcr die Destination Rh\u00f6n auf den Weg zu bringen. Seit 1. Februar hat die Rh\u00f6n GmbH ihre Arbeit aufgenommen und damit auch ihr Gesch\u00e4ftsf\u00fchrer Thorn Pl\u00f6ger. \u201eDie bisherige Struktur mit &hellip;<\/p>\n<\/div>","protected":false},"author":1,"featured_media":0,"comment_status":"closed","ping_status":"closed","sticky":false,"template":"","format":"standard","meta":{"footnotes":""},"categories":[1],"tags":[],"class_list":["post-160358","post","type-post","status-publish","format-standard","hentry","category-startseite"],"_links":{"self":[{"href":"https:\/\/www.fuldaernachrichten.de\/index.php?rest_route=\/wp\/v2\/posts\/160358","targetHints":{"allow":["GET"]}}],"collection":[{"href":"https:\/\/www.fuldaernachrichten.de\/index.php?rest_route=\/wp\/v2\/posts"}],"about":[{"href":"https:\/\/www.fuldaernachrichten.de\/index.php?rest_route=\/wp\/v2\/types\/post"}],"author":[{"embeddable":true,"href":"https:\/\/www.fuldaernachrichten.de\/index.php?rest_route=\/wp\/v2\/users\/1"}],"replies":[{"embeddable":true,"href":"https:\/\/www.fuldaernachrichten.de\/index.php?rest_route=%2Fwp%2Fv2%2Fcomments&post=160358"}],"version-history":[{"count":1,"href":"https:\/\/www.fuldaernachrichten.de\/index.php?rest_route=\/wp\/v2\/posts\/160358\/revisions"}],"predecessor-version":[{"id":160363,"href":"https:\/\/www.fuldaernachrichten.de\/index.php?rest_route=\/wp\/v2\/posts\/160358\/revisions\/160363"}],"wp:attachment":[{"href":"https:\/\/www.fuldaernachrichten.de\/index.php?rest_route=%2Fwp%2Fv2%2Fmedia&parent=160358"}],"wp:term":[{"taxonomy":"category","embeddable":true,"href":"https:\/\/www.fuldaernachrichten.de\/index.php?rest_route=%2Fwp%2Fv2%2Fcategories&post=160358"},{"taxonomy":"post_tag","embeddable":true,"href":"https:\/\/www.fuldaernachrichten.de\/index.php?rest_route=%2Fwp%2Fv2%2Ftags&post=160358"}],"curies":[{"name":"wp","href":"https:\/\/api.w.org\/{rel}","templated":true}]}}