{"id":160354,"date":"2017-02-20T22:25:02","date_gmt":"2017-02-20T21:25:02","guid":{"rendered":"http:\/\/www.fuldaer-nachrichten.de\/?p=160354"},"modified":"2017-02-20T22:25:02","modified_gmt":"2017-02-20T21:25:02","slug":"gott-und-die-welt-religion-macht-geschichte-mdb-michael-brand-ruft-zur-teilnahme-am-geschichtswettbewerb-des-bundespraesidenten-auf","status":"publish","type":"post","link":"https:\/\/www.fuldaernachrichten.de\/?p=160354","title":{"rendered":"&#8220;Gott und die Welt. Religion macht Geschichte&#8221; &#8211; MdB Michael Brand ruft zur Teilnahme am Geschichtswettbewerb des Bundespr\u00e4sidenten auf"},"content":{"rendered":"<p>Noch bis zum 28. Februar k\u00f6nnen sich Kinder und Jugendliche unter 21 Jahren am Geschichtswettbewerb des Bundespr\u00e4sidenten mit dem Thema &#8220;Gott und die Welt. Religion macht Geschichte&#8221; bewerben.<\/p>\n<p>Darauf weist der osthessische Bundestagsabgeordnete Michael Brand hin und regt an, &#8220;sich in unserer Heimat auf Spurensuche zu machen, welche Rolle Religion und Glaube im Zusammenleben der Menschen spielten und spielen&#8221;.<\/p>\n<p>Glaube und Religion bestimmen das Zusammenleben bis heute auf vielf\u00e4ltige Weise, so Brand. Es lohne, der Frage nachzugehen, wie Religion den Zusammenhalt f\u00f6rderte, welchen Einfluss sie auf die Gemeinschafts- und Wertebildung aus\u00fcbte, wie sich das Verh\u00e4ltnis zwischen Staat und Kirche gestaltete und welchen Stellenwert Glaube im Leben der Menschen hat.<\/p>\n<p>Es locken nicht nur spannende Erfahrungen, auch zahlreiche attraktive Geldpreise, unter anderem erhalten die 5 ersten Preise 2.000 Euro. Au\u00dferdem gibt es Chancen zur Teilnahme an &#8220;History Camps&#8221; im In- und Ausland und die M\u00f6glichkeit, auf einem virtuellen Campus der Geschichte mit anderen ins Gespr\u00e4ch zu kommen und sich zu vernetzen.<\/p>\n<p>&#8220;Es geht also um mehr als einen Preis&#8221;, so Michael Brand. &#8220;Die Besch\u00e4ftigung mit der Vergangenheit, gibt einen Fingerzeig f\u00fcr die Gegenwart und R\u00fcstzeug f\u00fcr das, was vor uns liegt.&#8221;<\/p>\n<p>Brand dankte zugleich einer engagierten Lehrer- und Sch\u00fclerschaft, die in den letzten Jahren immer wieder hochmotiviert und erfolgreich am Geschichtswettbewerb des Bundespr\u00e4sidenten teilgenommen hat.<\/p>\n<p>Weitere Informationen und Teilnahmebedingungen unter: www.geschichtswettbewerb.de<\/p>\n","protected":false},"excerpt":{"rendered":"<div class=\"tmnf_excerpt\"><p>Noch bis zum 28. Februar k\u00f6nnen sich Kinder und Jugendliche unter 21 Jahren am Geschichtswettbewerb des Bundespr\u00e4sidenten mit dem Thema &#8220;Gott und die Welt. Religion macht Geschichte&#8221; bewerben. Darauf weist der osthessische Bundestagsabgeordnete Michael Brand hin und regt an, &#8220;sich in unserer Heimat auf Spurensuche zu machen, welche Rolle Religion und Glaube im Zusammenleben der &hellip;<\/p>\n<\/div>","protected":false},"author":1,"featured_media":0,"comment_status":"closed","ping_status":"closed","sticky":false,"template":"","format":"standard","meta":{"footnotes":""},"categories":[1],"tags":[],"class_list":["post-160354","post","type-post","status-publish","format-standard","hentry","category-startseite"],"_links":{"self":[{"href":"https:\/\/www.fuldaernachrichten.de\/index.php?rest_route=\/wp\/v2\/posts\/160354","targetHints":{"allow":["GET"]}}],"collection":[{"href":"https:\/\/www.fuldaernachrichten.de\/index.php?rest_route=\/wp\/v2\/posts"}],"about":[{"href":"https:\/\/www.fuldaernachrichten.de\/index.php?rest_route=\/wp\/v2\/types\/post"}],"author":[{"embeddable":true,"href":"https:\/\/www.fuldaernachrichten.de\/index.php?rest_route=\/wp\/v2\/users\/1"}],"replies":[{"embeddable":true,"href":"https:\/\/www.fuldaernachrichten.de\/index.php?rest_route=%2Fwp%2Fv2%2Fcomments&post=160354"}],"version-history":[{"count":1,"href":"https:\/\/www.fuldaernachrichten.de\/index.php?rest_route=\/wp\/v2\/posts\/160354\/revisions"}],"predecessor-version":[{"id":160355,"href":"https:\/\/www.fuldaernachrichten.de\/index.php?rest_route=\/wp\/v2\/posts\/160354\/revisions\/160355"}],"wp:attachment":[{"href":"https:\/\/www.fuldaernachrichten.de\/index.php?rest_route=%2Fwp%2Fv2%2Fmedia&parent=160354"}],"wp:term":[{"taxonomy":"category","embeddable":true,"href":"https:\/\/www.fuldaernachrichten.de\/index.php?rest_route=%2Fwp%2Fv2%2Fcategories&post=160354"},{"taxonomy":"post_tag","embeddable":true,"href":"https:\/\/www.fuldaernachrichten.de\/index.php?rest_route=%2Fwp%2Fv2%2Ftags&post=160354"}],"curies":[{"name":"wp","href":"https:\/\/api.w.org\/{rel}","templated":true}]}}