{"id":160343,"date":"2017-02-20T22:57:33","date_gmt":"2017-02-20T21:57:33","guid":{"rendered":"http:\/\/www.fuldaer-nachrichten.de\/?p=160343"},"modified":"2017-02-20T22:57:33","modified_gmt":"2017-02-20T21:57:33","slug":"kkv-stellt-bundestagsabgeordneten-den-docat-vor-sozialkatechismus-gibt-auch-poli-tikern-orientierungshilfe-fuer-ihre-praktische-arbeit","status":"publish","type":"post","link":"https:\/\/www.fuldaernachrichten.de\/?p=160343","title":{"rendered":"KKV stellt Bundestagsabgeordneten den DOCAT vor \u2013 Sozialkatechismus gibt auch Poli-tikern Orientierungshilfe f\u00fcr ihre praktische Arbeit"},"content":{"rendered":"<p>Anl\u00e4sslich des zweiten Parlamentarischen Mittagessens trafen sich Mitglieder des KKV-Bundesvorstandes mit Bundestagsabgeordneten, darunter auch die Vizepr\u00e4sidentin des Bun-destages, Michaela Noll, in Berlin, um sich \u00fcber aktuelle politische Themen auszutauschen. Gleichzeitig stellten die KKVer den Abgeordneten den neuen Sozialkatechismus der katholi-schen Kirche, den DOCAT, vor. \u201eSp\u00f6tter behaupten ja\u201c, so der geb\u00fcrtige Fuldaer KKV-Bundesvorsitzende Bernd-M. Wehner, \u201edie Katholische Soziallehre sei das bestgeh\u00fcteste Ge-heimnis der Katholischen Kirche. Ein Schatz, der tief vergraben sei und darauf warte, dass man ihn entdeckt.\u201c Damit dies nicht so bleibe, sei man froh, dass mit dem DOCAT nunmehr eine po-pul\u00e4re \u00dcbersetzung der Sozial- und Gesellschaftslehre der Katholischen Kirche vorliege, wie sie in wichtigen Dokumenten seit Papst Leo XIII. entwickelt worden sei. Dabei verwies Wehner ins-besondere auf das Kapitel 8 \u201eMacht und Moral: Die politische Gemeinschaft\u201c. Hier werde sehr eingehend dargelegt, warum Politik Begr\u00fcndungen, Legitimationen und ethische Rahmenbedin-gungen brauche, um menschenfreundlich und n\u00fctzlich zu sein. Und warum Christen sich nicht aus der Politik heraushalten k\u00f6nnten.<\/p>\n<p>Initiator des Treffens war der Bundestagsabgeordnete Prof. Dr. Patrick Sensburg aus Arns-berg, der auch einer der stellvertretenden Bundesvorsitzenden des KKV ist. Von Seiten der Ab-geordneten wurde dem KKV bescheinigt, mit seinen ausgewogenen und trotzdem klaren Stel-lungnahmen zu aktuellen gesellschaftspolitischen Fragen zu einer positiven Debattenkultur bei-zutragen. Gleichzeitig wies Sensburg darauf hin, dass der KKV-Bundesverband einer der Ideen-geber des DOCAT gewesen sei. <\/p>\n<p>Karl Schiewerling, der arbeitsmarkt- und sozialpolitische Sprecher der CDU\/CSU-Bundestagsfraktion, regte in diesem Zusammenhang eine st\u00e4rkere Kooperation des KKV mit der christlich-demokratischen Arbeitnehmerschaft (CDA) an, um insbesondere in wirtschaftspoliti-schen und sozialethischen Fragen schlagkr\u00e4ftiger in der \u00d6ffentlichkeit zu wirken.<\/p>\n<p>Michaela Noll pl\u00e4dierte bei dem Treffen daf\u00fcr, dass insbesondere die gro\u00dfen Parteien sich st\u00e4rker inhaltlich mit populistischen Parolen auseinandersetzen m\u00fcssten. \u201eDie Probleme in unse-rer komplexen Gesellschaft sind weder mit Stammtischparolen zu l\u00f6sen, noch mit Schlagworten zu erkl\u00e4ren.\u201c Deshalb sei es wichtig, dass auch schwierige Themenbereiche sachgerecht und verst\u00e4ndlich den B\u00fcrgern erl\u00e4utert w\u00fcrden. Hier seien aber auch die Medien gefragt, ihren Teil dazu beizutragen. Nicht zuletzt deshalb, so der KKV-Bundesvorsitzende, habe man noch vor kurzem an die Medien appelliert, nicht ungepr\u00fcft Nachrichten zu verbreiten, sondern sie auf ih-ren Wahrheitsgehalt abzuklopfen.<\/p>\n<p>Prof. Dr. Peter Schallenberg, der Geistliche Beirat des KKV-Bundesverbandes, unterstrich, dass der DOCAT die Probleme der heutigen Zeit aufgreife und darauf Antworten aus der Sicht des christlichen Glaubens gebe. \u201eEr liefert keine Patentrezepte f\u00fcr die L\u00f6sung aller Fragen. Aber er gibt Orientierungshilfen, damit man als Christ im konkreten Fall verantwortlich entscheiden und handeln kann.\u201c Kurzum: Er sei, um es mit Papst Franziskus zu formulieren, \u201eso etwas wie eine Gebrauchsanweisung, die uns hilft, mit dem Evangelium erst einmal uns selbst, dann unser n\u00e4chstes Umfeld und am Ende die ganze Welt zu ver\u00e4ndern.\u201c<\/p>\n","protected":false},"excerpt":{"rendered":"<div class=\"tmnf_excerpt\"><p>Anl\u00e4sslich des zweiten Parlamentarischen Mittagessens trafen sich Mitglieder des KKV-Bundesvorstandes mit Bundestagsabgeordneten, darunter auch die Vizepr\u00e4sidentin des Bun-destages, Michaela Noll, in Berlin, um sich \u00fcber aktuelle politische Themen auszutauschen. Gleichzeitig stellten die KKVer den Abgeordneten den neuen Sozialkatechismus der katholi-schen Kirche, den DOCAT, vor. \u201eSp\u00f6tter behaupten ja\u201c, so der geb\u00fcrtige Fuldaer KKV-Bundesvorsitzende Bernd-M. Wehner, \u201edie &hellip;<\/p>\n<\/div>","protected":false},"author":1,"featured_media":0,"comment_status":"closed","ping_status":"closed","sticky":false,"template":"","format":"standard","meta":{"footnotes":""},"categories":[1],"tags":[],"class_list":["post-160343","post","type-post","status-publish","format-standard","hentry","category-startseite"],"_links":{"self":[{"href":"https:\/\/www.fuldaernachrichten.de\/index.php?rest_route=\/wp\/v2\/posts\/160343","targetHints":{"allow":["GET"]}}],"collection":[{"href":"https:\/\/www.fuldaernachrichten.de\/index.php?rest_route=\/wp\/v2\/posts"}],"about":[{"href":"https:\/\/www.fuldaernachrichten.de\/index.php?rest_route=\/wp\/v2\/types\/post"}],"author":[{"embeddable":true,"href":"https:\/\/www.fuldaernachrichten.de\/index.php?rest_route=\/wp\/v2\/users\/1"}],"replies":[{"embeddable":true,"href":"https:\/\/www.fuldaernachrichten.de\/index.php?rest_route=%2Fwp%2Fv2%2Fcomments&post=160343"}],"version-history":[{"count":1,"href":"https:\/\/www.fuldaernachrichten.de\/index.php?rest_route=\/wp\/v2\/posts\/160343\/revisions"}],"predecessor-version":[{"id":160368,"href":"https:\/\/www.fuldaernachrichten.de\/index.php?rest_route=\/wp\/v2\/posts\/160343\/revisions\/160368"}],"wp:attachment":[{"href":"https:\/\/www.fuldaernachrichten.de\/index.php?rest_route=%2Fwp%2Fv2%2Fmedia&parent=160343"}],"wp:term":[{"taxonomy":"category","embeddable":true,"href":"https:\/\/www.fuldaernachrichten.de\/index.php?rest_route=%2Fwp%2Fv2%2Fcategories&post=160343"},{"taxonomy":"post_tag","embeddable":true,"href":"https:\/\/www.fuldaernachrichten.de\/index.php?rest_route=%2Fwp%2Fv2%2Ftags&post=160343"}],"curies":[{"name":"wp","href":"https:\/\/api.w.org\/{rel}","templated":true}]}}