{"id":160342,"date":"2017-02-20T19:46:11","date_gmt":"2017-02-20T18:46:11","guid":{"rendered":"http:\/\/www.fuldaer-nachrichten.de\/?p=160342"},"modified":"2017-02-20T19:46:11","modified_gmt":"2017-02-20T18:46:11","slug":"girls-day-bei-der-gruenen-fraktion-im-hessischen-landtag-eva-goldbach-laedt-ein","status":"publish","type":"post","link":"https:\/\/www.fuldaernachrichten.de\/?p=160342","title":{"rendered":"Girls\u00e2\u20ac\u02dc Day bei der GR\u00dcNEN Fraktion im hessischen Landtag: Eva Goldbach l\u00e4dt ein"},"content":{"rendered":"<p>Zum diesj\u00e4hrigen Girls\u00e2\u20ac\u02dc Day hat die Landtagsabgeordnete Eva Goldbach, Sprecherin f\u00fcr den l\u00e4ndlichen Raum und Kommunales der Landtagsfraktion B\u00dcNDNIS 90\/DIE GR\u00dcNEN, noch Pl\u00e4tze frei f\u00fcr interessierte Sch\u00fclerinnen aller Schultypen von der 5. bis zur 10. Klasse. \u201eWir GR\u00dcNE wollen zeigen, dass Politik auch Frauensache ist. Deshalb laden wir weitere M\u00e4dchen ein, am 27. April den Girls\u00e2\u20ac\u02dc Day im hessischen Landtag in Wiesbaden bei der GR\u00dcNEN Fraktion zu verbringen\u201c, erkl\u00e4rt Eva Goldbach.<\/p>\n<p>\u201eWir haben am 27. April ein Programm von 9 bis 15 Uhr geplant. Die Teilnehmerinnen werden von Abgeordneten empfangen und haben Gelegenheit, sich mit ihnen auszutauschen. Nach einer F\u00fchrung durch das Landtagsgeb\u00e4ude wird es eine kleine politische Aufgabe geben\u201c, erkl\u00e4rt Goldbach den Ablauf. \u201eDaf\u00fcr kann eine Freistellung vom Unterricht beantragt werden.\u201c<\/p>\n<p>Der Girls\u00e2\u20ac\u02dc Day soll M\u00e4dchen ermutigen, Berufe zu ergreifen, die bislang von M\u00e4nnern dominiert werden. \u201eWer gerne mit viel Elan diskutiert, sich soziale, \u00f6kologische und politische Fragen stellt, f\u00fcr den kann Politik als Beruf die richtige Wahl sein. Wir wollen beim Girls\u00e2\u20ac\u02dc Day mehr M\u00e4dchen f\u00fcr Politik begeistern und ihnen zeigen, wie die Arbeit als Abgeordnete oder Mitarbeiterin der Fraktion aussehen kann.\u201c<\/p>\n<p>Wer Interesse hat, am Girls\u00e2\u20ac\u02dc Day der Landtagsfraktion von B\u00dcNDNIS 90\/DIE GR\u00dcNEN teilzunehmen, kann sich bis Freitag, 17. M\u00e4rz an das Regionalb\u00fcro von Eva Goldbach, Marktplatz 35-37, 36341 Lauterbach, 06641-9122264, wenden. Da die Anzahl der Pl\u00e4tze begrenzt ist, wird nach Reihenfolge der Anmeldung entschieden.<\/p>\n","protected":false},"excerpt":{"rendered":"<div class=\"tmnf_excerpt\"><p>Zum diesj\u00e4hrigen Girls\u00e2\u20ac\u02dc Day hat die Landtagsabgeordnete Eva Goldbach, Sprecherin f\u00fcr den l\u00e4ndlichen Raum und Kommunales der Landtagsfraktion B\u00dcNDNIS 90\/DIE GR\u00dcNEN, noch Pl\u00e4tze frei f\u00fcr interessierte Sch\u00fclerinnen aller Schultypen von der 5. bis zur 10. Klasse. \u201eWir GR\u00dcNE wollen zeigen, dass Politik auch Frauensache ist. Deshalb laden wir weitere M\u00e4dchen ein, am 27. April den &hellip;<\/p>\n<\/div>","protected":false},"author":1,"featured_media":0,"comment_status":"closed","ping_status":"closed","sticky":false,"template":"","format":"standard","meta":{"footnotes":""},"categories":[1],"tags":[],"class_list":["post-160342","post","type-post","status-publish","format-standard","hentry","category-startseite"],"_links":{"self":[{"href":"https:\/\/www.fuldaernachrichten.de\/index.php?rest_route=\/wp\/v2\/posts\/160342","targetHints":{"allow":["GET"]}}],"collection":[{"href":"https:\/\/www.fuldaernachrichten.de\/index.php?rest_route=\/wp\/v2\/posts"}],"about":[{"href":"https:\/\/www.fuldaernachrichten.de\/index.php?rest_route=\/wp\/v2\/types\/post"}],"author":[{"embeddable":true,"href":"https:\/\/www.fuldaernachrichten.de\/index.php?rest_route=\/wp\/v2\/users\/1"}],"replies":[{"embeddable":true,"href":"https:\/\/www.fuldaernachrichten.de\/index.php?rest_route=%2Fwp%2Fv2%2Fcomments&post=160342"}],"version-history":[{"count":1,"href":"https:\/\/www.fuldaernachrichten.de\/index.php?rest_route=\/wp\/v2\/posts\/160342\/revisions"}],"predecessor-version":[{"id":160344,"href":"https:\/\/www.fuldaernachrichten.de\/index.php?rest_route=\/wp\/v2\/posts\/160342\/revisions\/160344"}],"wp:attachment":[{"href":"https:\/\/www.fuldaernachrichten.de\/index.php?rest_route=%2Fwp%2Fv2%2Fmedia&parent=160342"}],"wp:term":[{"taxonomy":"category","embeddable":true,"href":"https:\/\/www.fuldaernachrichten.de\/index.php?rest_route=%2Fwp%2Fv2%2Fcategories&post=160342"},{"taxonomy":"post_tag","embeddable":true,"href":"https:\/\/www.fuldaernachrichten.de\/index.php?rest_route=%2Fwp%2Fv2%2Ftags&post=160342"}],"curies":[{"name":"wp","href":"https:\/\/api.w.org\/{rel}","templated":true}]}}