{"id":160329,"date":"2017-02-16T21:53:33","date_gmt":"2017-02-16T20:53:33","guid":{"rendered":"http:\/\/www.fuldaer-nachrichten.de\/?p=160329"},"modified":"2017-02-16T21:53:33","modified_gmt":"2017-02-16T20:53:33","slug":"patientenakademie-%e2%80%a8adipositas-zentrum-%e2%80%a8am-klinikum-fulda-krankhaftes-uebergewicht-%e2%80%a8-was-gibt-es-neues","status":"publish","type":"post","link":"https:\/\/www.fuldaernachrichten.de\/?p=160329","title":{"rendered":"Patientenakademie: \u00e2\u20ac\u00a8Adipositas-Zentrum \u00e2\u20ac\u00a8am Klinikum Fulda &#8211; \u201eKrankhaftes \u00dcbergewicht \u00e2\u20ac\u00a8\u2013 Was gibt es Neues?\u201c"},"content":{"rendered":"<p>Das zertifizierte Adipositas-Zentrum am Klinikum Fulda veranstaltet am 23.02.2017, von 17.00 bis 19.00 Uhr ein Gesundheitsforum f\u00fcr Patienten, Besucher und Angeh\u00f6rige zu dem Thema \u201eKrankhaftes \u00dcbergewicht \u2013 Was gibt es Neues?\u201c.<\/p>\n<p>Krankhaftes \u00dcbergewicht wird f\u00fcr immer mehr Menschen in Deutschland zu einem echten Problem. Begleiterkrankungen, die mit dem \u00dcbergewicht einhergehen, reduzieren die Lebensqualit\u00e4t erheblich und mindern auch die Lebenserwartung. Das zertifizierte Adipositas-Zentrum hat sich auf die Behandlung von Patienten mit krankhaftem \u00dcbergewicht spezialisiert. Im Rahmen der Veranstaltung vermitteln die Experten des Adipositas-Zentrums (Leitung: Dr. Frenken \/ Dr. R\u00fcttger)\u00c2\u00a0 und Dipl. Oecotrophologin Karen Amerschl\u00e4ger Einblicke \u00fcber das Krankheitsbild. Die Patienten und Angeh\u00f6rigen erhalten zudem\u00c2\u00a0 Informationen, wie Adipositas mit und ohne Operation behandelt werden kann. Im Anschluss an die Vortr\u00e4ge besteht gen\u00fcgend Zeit, um individuelle Fragen an die Experten zu stellen. Die Anzahl der Sitzpl\u00e4tze im H\u00f6rsaal ist begrenzt. Einlass ab 16.30 Uhr.<\/p>\n","protected":false},"excerpt":{"rendered":"<div class=\"tmnf_excerpt\"><p>Das zertifizierte Adipositas-Zentrum am Klinikum Fulda veranstaltet am 23.02.2017, von 17.00 bis 19.00 Uhr ein Gesundheitsforum f\u00fcr Patienten, Besucher und Angeh\u00f6rige zu dem Thema \u201eKrankhaftes \u00dcbergewicht \u2013 Was gibt es Neues?\u201c. Krankhaftes \u00dcbergewicht wird f\u00fcr immer mehr Menschen in Deutschland zu einem echten Problem. Begleiterkrankungen, die mit dem \u00dcbergewicht einhergehen, reduzieren die Lebensqualit\u00e4t erheblich und &hellip;<\/p>\n<\/div>","protected":false},"author":1,"featured_media":0,"comment_status":"closed","ping_status":"closed","sticky":false,"template":"","format":"standard","meta":{"footnotes":""},"categories":[1],"tags":[],"class_list":["post-160329","post","type-post","status-publish","format-standard","hentry","category-startseite"],"_links":{"self":[{"href":"https:\/\/www.fuldaernachrichten.de\/index.php?rest_route=\/wp\/v2\/posts\/160329","targetHints":{"allow":["GET"]}}],"collection":[{"href":"https:\/\/www.fuldaernachrichten.de\/index.php?rest_route=\/wp\/v2\/posts"}],"about":[{"href":"https:\/\/www.fuldaernachrichten.de\/index.php?rest_route=\/wp\/v2\/types\/post"}],"author":[{"embeddable":true,"href":"https:\/\/www.fuldaernachrichten.de\/index.php?rest_route=\/wp\/v2\/users\/1"}],"replies":[{"embeddable":true,"href":"https:\/\/www.fuldaernachrichten.de\/index.php?rest_route=%2Fwp%2Fv2%2Fcomments&post=160329"}],"version-history":[{"count":1,"href":"https:\/\/www.fuldaernachrichten.de\/index.php?rest_route=\/wp\/v2\/posts\/160329\/revisions"}],"predecessor-version":[{"id":160332,"href":"https:\/\/www.fuldaernachrichten.de\/index.php?rest_route=\/wp\/v2\/posts\/160329\/revisions\/160332"}],"wp:attachment":[{"href":"https:\/\/www.fuldaernachrichten.de\/index.php?rest_route=%2Fwp%2Fv2%2Fmedia&parent=160329"}],"wp:term":[{"taxonomy":"category","embeddable":true,"href":"https:\/\/www.fuldaernachrichten.de\/index.php?rest_route=%2Fwp%2Fv2%2Fcategories&post=160329"},{"taxonomy":"post_tag","embeddable":true,"href":"https:\/\/www.fuldaernachrichten.de\/index.php?rest_route=%2Fwp%2Fv2%2Ftags&post=160329"}],"curies":[{"name":"wp","href":"https:\/\/api.w.org\/{rel}","templated":true}]}}