{"id":160323,"date":"2017-02-16T21:51:46","date_gmt":"2017-02-16T20:51:46","guid":{"rendered":"http:\/\/www.fuldaer-nachrichten.de\/?p=160323"},"modified":"2017-02-16T21:51:46","modified_gmt":"2017-02-16T20:51:46","slug":"jahres-praktikumsplaetze-fuer-fos-schuelerinnen-und-schueler-20172018","status":"publish","type":"post","link":"https:\/\/www.fuldaernachrichten.de\/?p=160323","title":{"rendered":"Jahres-Praktikumspl\u00e4tze f\u00fcr FOS-Sch\u00fclerinnen und -Sch\u00fcler 2017\/2018"},"content":{"rendered":"<p>Die Agentur f\u00fcr Arbeit in Bad Hersfeld bietet Sch\u00fclerinnen und Sch\u00fclern der Fachoberschule im Schuljahr 2017\/2018 die M\u00f6glichkeit, ein Jahrespraktikum zu absolvieren. Die Praktikanten\/-innen bekommen Einblicke in die verschiedenen Aufgabenbereiche der Agentur und k\u00f6nnen praktische Erfahrungen im Kundenportal, im Beratungs- und Vermittlungsbereich sowie im Arbeitgeberservice sammeln. Das Praktikum wird finanziell verg\u00fctet. Interessierte Sch\u00fclerinnen und Sch\u00fcler senden ihre Bewerbung um einen Praktikumsplatz bis zum 10. M\u00e4rz 2017 per E-Mail an Kassel.IS-Ausbildung@arbeitsagentur.de.<\/p>\n","protected":false},"excerpt":{"rendered":"<div class=\"tmnf_excerpt\"><p>Die Agentur f\u00fcr Arbeit in Bad Hersfeld bietet Sch\u00fclerinnen und Sch\u00fclern der Fachoberschule im Schuljahr 2017\/2018 die M\u00f6glichkeit, ein Jahrespraktikum zu absolvieren. Die Praktikanten\/-innen bekommen Einblicke in die verschiedenen Aufgabenbereiche der Agentur und k\u00f6nnen praktische Erfahrungen im Kundenportal, im Beratungs- und Vermittlungsbereich sowie im Arbeitgeberservice sammeln. Das Praktikum wird finanziell verg\u00fctet. Interessierte Sch\u00fclerinnen und Sch\u00fcler &hellip;<\/p>\n<\/div>","protected":false},"author":1,"featured_media":0,"comment_status":"closed","ping_status":"closed","sticky":false,"template":"","format":"standard","meta":{"footnotes":""},"categories":[1],"tags":[],"class_list":["post-160323","post","type-post","status-publish","format-standard","hentry","category-startseite"],"_links":{"self":[{"href":"https:\/\/www.fuldaernachrichten.de\/index.php?rest_route=\/wp\/v2\/posts\/160323","targetHints":{"allow":["GET"]}}],"collection":[{"href":"https:\/\/www.fuldaernachrichten.de\/index.php?rest_route=\/wp\/v2\/posts"}],"about":[{"href":"https:\/\/www.fuldaernachrichten.de\/index.php?rest_route=\/wp\/v2\/types\/post"}],"author":[{"embeddable":true,"href":"https:\/\/www.fuldaernachrichten.de\/index.php?rest_route=\/wp\/v2\/users\/1"}],"replies":[{"embeddable":true,"href":"https:\/\/www.fuldaernachrichten.de\/index.php?rest_route=%2Fwp%2Fv2%2Fcomments&post=160323"}],"version-history":[{"count":1,"href":"https:\/\/www.fuldaernachrichten.de\/index.php?rest_route=\/wp\/v2\/posts\/160323\/revisions"}],"predecessor-version":[{"id":160325,"href":"https:\/\/www.fuldaernachrichten.de\/index.php?rest_route=\/wp\/v2\/posts\/160323\/revisions\/160325"}],"wp:attachment":[{"href":"https:\/\/www.fuldaernachrichten.de\/index.php?rest_route=%2Fwp%2Fv2%2Fmedia&parent=160323"}],"wp:term":[{"taxonomy":"category","embeddable":true,"href":"https:\/\/www.fuldaernachrichten.de\/index.php?rest_route=%2Fwp%2Fv2%2Fcategories&post=160323"},{"taxonomy":"post_tag","embeddable":true,"href":"https:\/\/www.fuldaernachrichten.de\/index.php?rest_route=%2Fwp%2Fv2%2Ftags&post=160323"}],"curies":[{"name":"wp","href":"https:\/\/api.w.org\/{rel}","templated":true}]}}