{"id":160318,"date":"2017-02-16T21:51:38","date_gmt":"2017-02-16T20:51:38","guid":{"rendered":"http:\/\/www.fuldaer-nachrichten.de\/?p=160318"},"modified":"2017-02-16T21:51:38","modified_gmt":"2017-02-16T20:51:38","slug":"menschlichkeit-und-miteinander-als-schluessel-zum-erfolg","status":"publish","type":"post","link":"https:\/\/www.fuldaernachrichten.de\/?p=160318","title":{"rendered":"Menschlichkeit und Miteinander als Schl\u00fcssel zum Erfolg"},"content":{"rendered":"<p>Mit einer Feierstunde haben der Vorstand, die Verwaltungsdirektion sowie der Betriebsrat der Eichhof-Stiftung Lauterbach mehr als vierzig Jubilare geehrt und verdiente Mitarbeiter des Krankenhauses Eichhof, der Vogelsberger Lebensr\u00e4ume, der Sozialstation Eichhof, des Seniorenzentrums Schlitzerland und der Krankenhaus Eichhof Service GmbH in den Ruhestand verabschiedet. Erstmals dabei waren auch die Jubilare der ehrenamtlich t\u00e4tigen Eichhof-Damen (vormals \u201eGr\u00fcne Damen\u201c).<\/p>\n<p>Im Namen aller Gremien hob der Vorstandsvorsitzende der Eichhof-Stiftung Lauterbach, Hans-J\u00fcrgen Sch\u00e4fer, in seiner Ansprache die Wertsch\u00e4tzung und Anerkennung f\u00fcr die \u00fcber 40 Jubilare und 10 ausgeschiedenen Mitarbeiter hervor.<\/p>\n<p>Sch\u00e4fer rief unter anderem dazu auf, das \u201eEichhof Schiff\u201c gemeinsam auf Kurs zu halten. Dies gehe nur miteinander sowohl im Verh\u00e4ltnis zwischen Arbeitgeber und Mitarbeiter als auch im zwischenmenschlichen Bereich unter Kollegen. Den Herausforderungen der Zukunft zu begegnen &#8211; wettbewerbsf\u00e4hig zu bleiben, Mitarbeiter an die Stiftungseinrichtungen zu binden, dem demografischen Wandel zu trotzen und qualifizierten Nachwuchs zu generieren &#8211; all dies k\u00f6nne nur gemeinsam bew\u00e4ltigt werden, so der Vorstandsvorsitzende.<\/p>\n<p>\u201eDass unser Haus einen ausgezeichneten Ruf genie\u00dft, hat zwei wesentliche Gr\u00fcnde,\u201c sagte Sch\u00e4fer w\u00f6rtlich. \u201eZum einen die hervorragende medizinische Versorgung, zum anderen aber auch die Menschlichkeit, mit der die Mitarbeiterinnen und Mitarbeitern unseren Patienten und Klienten begegnen.&#8221; Er \u00e4u\u00dferte seine Hoffnung, dass auch zuk\u00fcnftig viele Jubilare f\u00fcr ihre langj\u00e4hrige T\u00e4tigkeit im Haus ausgezeichnet werden und hob hervor, dass die Eichhof-Stiftung als Arbeitgeber freiwillige Leistungen gew\u00e4hre, da sie nicht den Renditeerwartungen eines Gro\u00dfkonzerns unterworfen sei. \u201eWir investieren in unsere Einrichtungen und ihre Mitarbeiter, damit wir zielgerichtet, zukunftsorientiert und auf Erhalt ausgerichtet ein modern aufgestelltes Unternehmen bleiben k\u00f6nnen,\u201c so Sch\u00e4fer.<\/p>\n<p>Neu in diesem Rahmen war die Ehrung der Eichhof-Damen, die f\u00fcr 15, 10 und 5 Jahre ehrenamtliche T\u00e4tigkeit im Dienste der Patienten geehrt wurden. Sie seien ein Beispiel daf\u00fcr, wie wichtig Ehrenamt in der Gesellschaft, aber auch innerhalb der Stiftung im christlichen Verst\u00e4ndnis sei.<\/p>\n<p>Der Betriebsratsvorsitzende Thorsten Ebert fand pers\u00f6nliche Worte des Lobes: \u201eIch freue mich dar\u00fcber, dass so viele langj\u00e4hrige Kollegen unseren Einrichtungen die Treue gehalten haben.&#8221; Er sehe eine verl\u00e4ssliche und motivierte Belegschaft, der weiterhin attraktive Arbeitsbedingungen geboten werde m\u00fcsse. \u201eEine zus\u00e4tzliche Verbesserung wird das j\u00fcngst in Angriff genommene \u201eBetriebliche Gesundheitsmanagement\u201c darstellen. Erste Konzepte liegen vor und stimmen mich zuversichtlich, dass diese Ma\u00dfnahmen ein Zugewinn f\u00fcr alle Mitarbeiter sein werden,\u201c gab Ebert einen Ausblick.<\/p>\n<p>Im Anschluss \u00fcberreichten Hans-J\u00fcrgen Sch\u00e4fer, Betriebsratsvorsitzender Thorsten Ebert und Bereichsleiter Personal Berthold Remiger Urkunden und Blumenstr\u00e4u\u00dfe f\u00fcr die Jubilare und die Verabschiedeten. Musikalisch wurde die Feier von Britta und Karsten Hahn sowie Kathrin Wiegand gestaltet, deren Interpretationen gro\u00dfen Beifall fanden.<\/p>\n<p>F\u00fcr die langj\u00e4hrige Zugeh\u00f6rigkeit zur Eichhof-Stiftung Lauterbach mit ihren Einrichtungen\u00c2\u00a0 Krankenhaus Eichhof, Sozialstation Eichhof, Vogelsberger Lebensr\u00e4ume und Seniorenzentrum Schlitzerland wurden Sibylle Gr\u00fctzner (40 Jahre), Ute Fischer, Alfred G\u00f6tz, Marion Obenhack-Quanz, Ulrike Rausch, Rainer Roth, Andrea Sieber, Ulrike Uhlich, Astrid Vieregge (alle 30 Jahre), Stefanie Alberding, Claudia von den Berg, Marion Dapper, Domenico Draicchio, Annette Eifert, Monika Frank, Horst Georg, Karin Herget, Sibylle Jenisch, Sven Kanzler, Bernadette Kilich, Lars Kr\u00f6ll, Barbara Pollock, Ingo Schreier, Irina Walz (alle 20 Jahre) sowie Dr. Ines-Christin Josek, Havva Berrak Kuru, Dr. J\u00fcrgen Ludwig, Robert Michl, Daniela Rudolph, Christine Schwab und Andrea Zimmer (alle 10 Jahre) ausgezeichnet.<\/p>\n<p>F\u00fcr ihre 10-j\u00e4hrige T\u00e4tigkeit in der Krankenhaus Eichhof Service GmbH wurden Larissa Bogac, Antje Degener, Natalia Ganzelmann-Lankin, Andrea Kumpf, Nicole Liesner, Maria Miller, Jutta M\u00f6ller, R\u00fcdiger Reckziegel, Udo Sch\u00e4fer und Christine Schwing geehrt.<\/p>\n<p>Eine W\u00fcrdigung ihrer langj\u00e4hrigen ehrenamtlichen T\u00e4tigkeit f\u00fcr die Patienten im Krankenhaus Eichhof erhielten die Eichhof-Damen Gertraud Janik (15 Jahre), Annette G\u00fcnther (10 Jahre) und Hannelore Reibling (5 Jahre), die gleichzeitig auch verabschiedet wurde.<\/p>\n<p>Verabschiedet wurden Regina Georg, Johanna M\u00f6ller, Christel Pfeifroth, Irmgard Raasch, Rose-Marie Roux, Margarete Sch\u00f6nhals, Gudrun Schulz (alle Eichhof-Stiftung Lauterbach) sowie Ralf Bachner, Anni Geyer und Margit Schellhaas (Krankenhaus Eichhof Service GmbH).<\/p>\n<p>BU: Jubilare und Ruhest\u00e4ndler sowie die Vorstandsmitglieder, Verwaltungsdirektion und der Betriebsratsvorsitzende der Eichhof-Stiftung Lauterbach beim gemeinsamen Gruppenbild.<\/p>\n","protected":false},"excerpt":{"rendered":"<div class=\"tmnf_excerpt\"><p>Mit einer Feierstunde haben der Vorstand, die Verwaltungsdirektion sowie der Betriebsrat der Eichhof-Stiftung Lauterbach mehr als vierzig Jubilare geehrt und verdiente Mitarbeiter des Krankenhauses Eichhof, der Vogelsberger Lebensr\u00e4ume, der Sozialstation Eichhof, des Seniorenzentrums Schlitzerland und der Krankenhaus Eichhof Service GmbH in den Ruhestand verabschiedet. Erstmals dabei waren auch die Jubilare der ehrenamtlich t\u00e4tigen Eichhof-Damen (vormals &hellip;<\/p>\n<\/div>","protected":false},"author":1,"featured_media":160321,"comment_status":"closed","ping_status":"closed","sticky":false,"template":"","format":"standard","meta":{"footnotes":""},"categories":[1],"tags":[],"class_list":["post-160318","post","type-post","status-publish","format-standard","has-post-thumbnail","hentry","category-startseite"],"_links":{"self":[{"href":"https:\/\/www.fuldaernachrichten.de\/index.php?rest_route=\/wp\/v2\/posts\/160318","targetHints":{"allow":["GET"]}}],"collection":[{"href":"https:\/\/www.fuldaernachrichten.de\/index.php?rest_route=\/wp\/v2\/posts"}],"about":[{"href":"https:\/\/www.fuldaernachrichten.de\/index.php?rest_route=\/wp\/v2\/types\/post"}],"author":[{"embeddable":true,"href":"https:\/\/www.fuldaernachrichten.de\/index.php?rest_route=\/wp\/v2\/users\/1"}],"replies":[{"embeddable":true,"href":"https:\/\/www.fuldaernachrichten.de\/index.php?rest_route=%2Fwp%2Fv2%2Fcomments&post=160318"}],"version-history":[{"count":1,"href":"https:\/\/www.fuldaernachrichten.de\/index.php?rest_route=\/wp\/v2\/posts\/160318\/revisions"}],"predecessor-version":[{"id":160324,"href":"https:\/\/www.fuldaernachrichten.de\/index.php?rest_route=\/wp\/v2\/posts\/160318\/revisions\/160324"}],"wp:featuredmedia":[{"embeddable":true,"href":"https:\/\/www.fuldaernachrichten.de\/index.php?rest_route=\/wp\/v2\/media\/160321"}],"wp:attachment":[{"href":"https:\/\/www.fuldaernachrichten.de\/index.php?rest_route=%2Fwp%2Fv2%2Fmedia&parent=160318"}],"wp:term":[{"taxonomy":"category","embeddable":true,"href":"https:\/\/www.fuldaernachrichten.de\/index.php?rest_route=%2Fwp%2Fv2%2Fcategories&post=160318"},{"taxonomy":"post_tag","embeddable":true,"href":"https:\/\/www.fuldaernachrichten.de\/index.php?rest_route=%2Fwp%2Fv2%2Ftags&post=160318"}],"curies":[{"name":"wp","href":"https:\/\/api.w.org\/{rel}","templated":true}]}}