{"id":160315,"date":"2017-02-16T21:51:23","date_gmt":"2017-02-16T20:51:23","guid":{"rendered":"http:\/\/www.fuldaer-nachrichten.de\/?p=160315"},"modified":"2017-02-16T21:51:23","modified_gmt":"2017-02-16T20:51:23","slug":"unicef-aktionstag-kinderrechte-mit-mdb-michael-brand","status":"publish","type":"post","link":"https:\/\/www.fuldaernachrichten.de\/?p=160315","title":{"rendered":"UNICEF-Aktionstag Kinderrechte mit MdB Michael Brand"},"content":{"rendered":"<p><a href=\"http:\/\/www.fuldaer-nachrichten.de\/wp-content\/uploads\/2017\/02\/20170202_113759.jpg\"><img decoding=\"async\" class=\"alignleft size-thumbnail wp-image-160319\" src=\"http:\/\/www.fuldaer-nachrichten.de\/wp-content\/uploads\/2017\/02\/20170202_113759-265x149.jpg\" alt=\"\" width=\"265\" height=\"149\" srcset=\"https:\/\/www.fuldaernachrichten.de\/wp-content\/uploads\/2017\/02\/20170202_113759-265x149.jpg 265w, https:\/\/www.fuldaernachrichten.de\/wp-content\/uploads\/2017\/02\/20170202_113759-768x432.jpg 768w, https:\/\/www.fuldaernachrichten.de\/wp-content\/uploads\/2017\/02\/20170202_113759-600x337.jpg 600w, https:\/\/www.fuldaernachrichten.de\/wp-content\/uploads\/2017\/02\/20170202_113759.jpg 900w\" sizes=\"(max-width: 265px) 100vw, 265px\" \/><\/a>An seine alte Grundschule in Pilgerzell zur\u00fcckkehren \u2013 das durfte jetzt der heimische Bundestagsabgeordnete Michael Brand, der auf Vermittlung von UNICEF Deutschland mit den Kindern der Klassen 3 und 4 der Florenbergschule das Gespr\u00e4ch \u00fcber Kinderrechte suchte . \u201eRichtig sch\u00f6n ist es wieder hierher zu kommen\u201c, freute sich der Engelhelmser in der Bibliothek der Florenbergschule. \u201eUnd ich finde es klasse, dass ihr Euch um so ein wichtiges Thema k\u00fcmmert!\u201c<\/p>\n<p>Die Kinder, die sich im Sachunterricht mit Hilfe ihrer Lehrkr\u00e4fte auf den Besuch des Fuldaer Bundestagabgeordneten sehr gut vorbereitet hatten, zeigten sich bestens informiert. Eingeleitet von Texten \u00fcber Kinderrechte wie Bettina Wegeners \u201eSind so kleine H\u00e4nde\u201c und Herbert Gr\u00f6nemeyers \u201eKinder an die Macht\u201c erkl\u00e4rte Michael Brand kurz seine T\u00e4tigkeit als Vorsitzender des Bundestagsausschusses f\u00fcr Menschenrechte und Humanit\u00e4re Hilfe.<\/p>\n<p>Viel wichtiger war ihm aber, mit den Sch\u00fclerinnen und Sch\u00fclern \u00fcber Kinderrechte und Kinderpflichten ins Gespr\u00e4ch zu kommen. Besonders interessierte die Kinder, seit wann es Kinderrechte gibt und welche die wichtigsten seien. Sehr nachdenklich und auch traurig stimmte die Feststellung, dass Kinderrechte noch nicht \u00fcberall auf der Welt gew\u00e4hrleistet sind und es Staaten gibt, in denen Kinderrechte massiv verletzt werden und Kinderzwangsehen, Hunger, Kinderarbeit und Kindersoldaten noch weit verbreitet sind.<\/p>\n<p>\u201eWir alle k\u00f6nnen etwas tun, indem wir uns f\u00fcr Kinderrechte stark machen\u201c, so der Vater von 3 Kindern . \u201eUNICEF setzt sich in 150 L\u00e4ndern mit Hilfsprojekten f\u00fcr Kinder ein \u2013 besonders geht es dabei um die \u00e4rmsten und am st\u00e4rksten benachteiligten Kinder. Wer im Wohlstand lebt, hat hier eine besondere Verpflichtung.\u201c<\/p>\n<p>Michael Brand versprach den Kindern, sich auch weiter mit Nachdruck f\u00fcr die Umsetzung und Einhaltung von Kinderrechten einzusetzen. Schulleiter Gerhard Renner bedankte sich auch im Namen der Schulgemeinde und \u00fcberreichte dem Bundestagsabgeordneten eine Rh\u00f6ner Spezialit\u00e4t. Brand versprach, wieder an die Florenbergschule zu kommen, um das \u201eMensch-\u00e4rgere-Dich nicht\u201c-Spiel, das in seiner Schulzeit auf einen Tisch in der Bibliothek gemalt war und sein Lieblingsplatz war, gemeinsam mit den Kindern wieder zu erschaffen.<\/p>\n","protected":false},"excerpt":{"rendered":"<div class=\"tmnf_excerpt\"><p>An seine alte Grundschule in Pilgerzell zur\u00fcckkehren \u2013 das durfte jetzt der heimische Bundestagsabgeordnete Michael Brand, der auf Vermittlung von UNICEF Deutschland mit den Kindern der Klassen 3 und 4 der Florenbergschule das Gespr\u00e4ch \u00fcber Kinderrechte suchte . \u201eRichtig sch\u00f6n ist es wieder hierher zu kommen\u201c, freute sich der Engelhelmser in der Bibliothek der Florenbergschule. &hellip;<\/p>\n<\/div>","protected":false},"author":1,"featured_media":160320,"comment_status":"closed","ping_status":"closed","sticky":false,"template":"","format":"standard","meta":{"footnotes":""},"categories":[1],"tags":[],"class_list":["post-160315","post","type-post","status-publish","format-standard","has-post-thumbnail","hentry","category-startseite"],"_links":{"self":[{"href":"https:\/\/www.fuldaernachrichten.de\/index.php?rest_route=\/wp\/v2\/posts\/160315","targetHints":{"allow":["GET"]}}],"collection":[{"href":"https:\/\/www.fuldaernachrichten.de\/index.php?rest_route=\/wp\/v2\/posts"}],"about":[{"href":"https:\/\/www.fuldaernachrichten.de\/index.php?rest_route=\/wp\/v2\/types\/post"}],"author":[{"embeddable":true,"href":"https:\/\/www.fuldaernachrichten.de\/index.php?rest_route=\/wp\/v2\/users\/1"}],"replies":[{"embeddable":true,"href":"https:\/\/www.fuldaernachrichten.de\/index.php?rest_route=%2Fwp%2Fv2%2Fcomments&post=160315"}],"version-history":[{"count":1,"href":"https:\/\/www.fuldaernachrichten.de\/index.php?rest_route=\/wp\/v2\/posts\/160315\/revisions"}],"predecessor-version":[{"id":160322,"href":"https:\/\/www.fuldaernachrichten.de\/index.php?rest_route=\/wp\/v2\/posts\/160315\/revisions\/160322"}],"wp:featuredmedia":[{"embeddable":true,"href":"https:\/\/www.fuldaernachrichten.de\/index.php?rest_route=\/wp\/v2\/media\/160320"}],"wp:attachment":[{"href":"https:\/\/www.fuldaernachrichten.de\/index.php?rest_route=%2Fwp%2Fv2%2Fmedia&parent=160315"}],"wp:term":[{"taxonomy":"category","embeddable":true,"href":"https:\/\/www.fuldaernachrichten.de\/index.php?rest_route=%2Fwp%2Fv2%2Fcategories&post=160315"},{"taxonomy":"post_tag","embeddable":true,"href":"https:\/\/www.fuldaernachrichten.de\/index.php?rest_route=%2Fwp%2Fv2%2Ftags&post=160315"}],"curies":[{"name":"wp","href":"https:\/\/api.w.org\/{rel}","templated":true}]}}