{"id":160314,"date":"2017-02-16T21:50:34","date_gmt":"2017-02-16T20:50:34","guid":{"rendered":"http:\/\/www.fuldaer-nachrichten.de\/?p=160314"},"modified":"2017-02-16T21:50:34","modified_gmt":"2017-02-16T20:50:34","slug":"landrat-goerig-verabschiedete-karin-heyde-stewart-in-den-ruhestand","status":"publish","type":"post","link":"https:\/\/www.fuldaernachrichten.de\/?p=160314","title":{"rendered":"Landrat G\u00f6rig verabschiedete Karin Heyde-Stewart in den Ruhestand"},"content":{"rendered":"<p>\u201eEs ist wichtig, arbeitsuchenden Menschen eine Perspektive zu geben, ihr Selbstvertrauen zu st\u00e4rken und ihnen passende Angebote zu machen, damit sie wieder an sich glauben k\u00f6nnen.\u201c Dies sagte Landrat Manfred G\u00f6rig, als er vor wenigen Tagen Karin Heyde-Stewart mit herzlichen Worten des Dankes und besten W\u00fcnschen f\u00fcr die Zukunft in den Ruhestand verabschiedete.<\/p>\n<p>Frau Heyde-Stewart hatte seit\u00c2\u00a0 2009 im Perspektive Centrum des Vogelsberger Jobcenters vor allem die Altersgruppe \u201e50-plus\u201c betreut und dort viele Eingliederungen auf den Weg bringen k\u00f6nnen, wie Sozialamtsleiter Werner K\u00f6hler best\u00e4tigte.<\/p>\n<p>Vorgesetzte und Kollegen attestierten der Geehrten in der kleinen Feierstunde das Einbringen ihrer gro\u00dfen Lebenserfahrung, ihre Ruhe und Besonnenheit und nicht zuletzt ihre F\u00e4higkeit, an sich zweifelnden Menschen wieder Mut zu machen. Nach Aussagen von Ren\u00e9 Lippert, stellvertretender Leiter des Amtes f\u00fcr soziale Sicherung, hat Frau Heyde-Stewart entscheidend mitgewirkt an der hohen Vermittlungsquote. Weit \u00fcber 200 Menschen seien durch ihre nachhaltige Widmung wieder in den Arbeitsmarkt integriert worden.<\/p>\n<p>Karin Heyde-Stewart wohnt in Lauterbach und hat urspr\u00fcnglich als kaufm\u00e4nnische Angestellte gearbeitet. Sie ist ausgebildete Yoga- und Meditationslehrerin und war unter anderem fast 20 Jahre lang in Schottland als Coach bei der International Findhorn Foundation t\u00e4tig. Seit 2009 war sie als Coach im Perspektive Centrum des Amtes f\u00fcr soziale Sicherung des Vogelsbergkreises als pers\u00f6nliche Ansprechpartnerin eingesetzt, zuletzt im Projekt \u201eWerkakademie\u201c. Ziel der Werkakademie ist es, Menschen im Alter von 25 bis 64 schnellstm\u00f6glich in den ersten Arbeitsmarkt zu integrieren.<\/p>\n","protected":false},"excerpt":{"rendered":"<div class=\"tmnf_excerpt\"><p>\u201eEs ist wichtig, arbeitsuchenden Menschen eine Perspektive zu geben, ihr Selbstvertrauen zu st\u00e4rken und ihnen passende Angebote zu machen, damit sie wieder an sich glauben k\u00f6nnen.\u201c Dies sagte Landrat Manfred G\u00f6rig, als er vor wenigen Tagen Karin Heyde-Stewart mit herzlichen Worten des Dankes und besten W\u00fcnschen f\u00fcr die Zukunft in den Ruhestand verabschiedete. Frau Heyde-Stewart &hellip;<\/p>\n<\/div>","protected":false},"author":1,"featured_media":160316,"comment_status":"closed","ping_status":"closed","sticky":false,"template":"","format":"standard","meta":{"footnotes":""},"categories":[1],"tags":[],"class_list":["post-160314","post","type-post","status-publish","format-standard","has-post-thumbnail","hentry","category-startseite"],"_links":{"self":[{"href":"https:\/\/www.fuldaernachrichten.de\/index.php?rest_route=\/wp\/v2\/posts\/160314","targetHints":{"allow":["GET"]}}],"collection":[{"href":"https:\/\/www.fuldaernachrichten.de\/index.php?rest_route=\/wp\/v2\/posts"}],"about":[{"href":"https:\/\/www.fuldaernachrichten.de\/index.php?rest_route=\/wp\/v2\/types\/post"}],"author":[{"embeddable":true,"href":"https:\/\/www.fuldaernachrichten.de\/index.php?rest_route=\/wp\/v2\/users\/1"}],"replies":[{"embeddable":true,"href":"https:\/\/www.fuldaernachrichten.de\/index.php?rest_route=%2Fwp%2Fv2%2Fcomments&post=160314"}],"version-history":[{"count":1,"href":"https:\/\/www.fuldaernachrichten.de\/index.php?rest_route=\/wp\/v2\/posts\/160314\/revisions"}],"predecessor-version":[{"id":160317,"href":"https:\/\/www.fuldaernachrichten.de\/index.php?rest_route=\/wp\/v2\/posts\/160314\/revisions\/160317"}],"wp:featuredmedia":[{"embeddable":true,"href":"https:\/\/www.fuldaernachrichten.de\/index.php?rest_route=\/wp\/v2\/media\/160316"}],"wp:attachment":[{"href":"https:\/\/www.fuldaernachrichten.de\/index.php?rest_route=%2Fwp%2Fv2%2Fmedia&parent=160314"}],"wp:term":[{"taxonomy":"category","embeddable":true,"href":"https:\/\/www.fuldaernachrichten.de\/index.php?rest_route=%2Fwp%2Fv2%2Fcategories&post=160314"},{"taxonomy":"post_tag","embeddable":true,"href":"https:\/\/www.fuldaernachrichten.de\/index.php?rest_route=%2Fwp%2Fv2%2Ftags&post=160314"}],"curies":[{"name":"wp","href":"https:\/\/api.w.org\/{rel}","templated":true}]}}