{"id":160310,"date":"2017-02-16T21:50:00","date_gmt":"2017-02-16T20:50:00","guid":{"rendered":"http:\/\/www.fuldaer-nachrichten.de\/?p=160310"},"modified":"2017-02-16T21:50:00","modified_gmt":"2017-02-16T20:50:00","slug":"auf-luthers-spuren","status":"publish","type":"post","link":"https:\/\/www.fuldaernachrichten.de\/?p=160310","title":{"rendered":"Auf Luthers Spuren"},"content":{"rendered":"<p>Mit seinen ber\u00fchmten 95 Thesen hat Martin Luther gegen Ablasshandel und andere Missst\u00e4nde in Kirche und Gesellschaft protestiert. 500 Jahre sp\u00e4ter haben nun EKHN-Stiftung (Evangelische Kirche in Hessen und Nassau) und Literaturhaus Frankfurt Prominente unterschiedlicher Profession um Stellungnahmen zu aktuellen Problemen gebeten. hr2-kultur sendet die \u201e95 Anschl\u00e4ge \u2013 Thesen f\u00fcr die Zukunft&#8221; vom 20. Februar an montags bis freitags jeweils um 11.55 Uhr. Die Audio-Beitr\u00e4ge, die auch als Buch im S. Fischer Verlag erscheinen, sind jeweils sieben Tage lang auf www.hr2-kultur.de verf\u00fcgbar.<\/p>\n<p>Die Beitr\u00e4ge sollen Haltungen, Glaubenss\u00e4tze und Dissonanzen unserer Gegenwart widerspiegeln und den Austausch dar\u00fcber bef\u00f6rdern. Mit eige-nen Statements dabei sind unter anderem Marcel Hacker, Thea Dorn, Edgar Selge, Frank Plasberg, Peter von Matt, Heinz Bude, Caroline Link, J\u00f6rg Baberowski, Susanne Baer, Andr\u00e9 Herzberg, Max Hollein, Helena Esther Grass, Claudia Kemfert und Wolfgang Thierse.<\/p>\n","protected":false},"excerpt":{"rendered":"<div class=\"tmnf_excerpt\"><p>Mit seinen ber\u00fchmten 95 Thesen hat Martin Luther gegen Ablasshandel und andere Missst\u00e4nde in Kirche und Gesellschaft protestiert. 500 Jahre sp\u00e4ter haben nun EKHN-Stiftung (Evangelische Kirche in Hessen und Nassau) und Literaturhaus Frankfurt Prominente unterschiedlicher Profession um Stellungnahmen zu aktuellen Problemen gebeten. hr2-kultur sendet die \u201e95 Anschl\u00e4ge \u2013 Thesen f\u00fcr die Zukunft&#8221; vom 20. Februar &hellip;<\/p>\n<\/div>","protected":false},"author":1,"featured_media":0,"comment_status":"closed","ping_status":"closed","sticky":false,"template":"","format":"standard","meta":{"footnotes":""},"categories":[1],"tags":[],"class_list":["post-160310","post","type-post","status-publish","format-standard","hentry","category-startseite"],"_links":{"self":[{"href":"https:\/\/www.fuldaernachrichten.de\/index.php?rest_route=\/wp\/v2\/posts\/160310","targetHints":{"allow":["GET"]}}],"collection":[{"href":"https:\/\/www.fuldaernachrichten.de\/index.php?rest_route=\/wp\/v2\/posts"}],"about":[{"href":"https:\/\/www.fuldaernachrichten.de\/index.php?rest_route=\/wp\/v2\/types\/post"}],"author":[{"embeddable":true,"href":"https:\/\/www.fuldaernachrichten.de\/index.php?rest_route=\/wp\/v2\/users\/1"}],"replies":[{"embeddable":true,"href":"https:\/\/www.fuldaernachrichten.de\/index.php?rest_route=%2Fwp%2Fv2%2Fcomments&post=160310"}],"version-history":[{"count":1,"href":"https:\/\/www.fuldaernachrichten.de\/index.php?rest_route=\/wp\/v2\/posts\/160310\/revisions"}],"predecessor-version":[{"id":160313,"href":"https:\/\/www.fuldaernachrichten.de\/index.php?rest_route=\/wp\/v2\/posts\/160310\/revisions\/160313"}],"wp:attachment":[{"href":"https:\/\/www.fuldaernachrichten.de\/index.php?rest_route=%2Fwp%2Fv2%2Fmedia&parent=160310"}],"wp:term":[{"taxonomy":"category","embeddable":true,"href":"https:\/\/www.fuldaernachrichten.de\/index.php?rest_route=%2Fwp%2Fv2%2Fcategories&post=160310"},{"taxonomy":"post_tag","embeddable":true,"href":"https:\/\/www.fuldaernachrichten.de\/index.php?rest_route=%2Fwp%2Fv2%2Ftags&post=160310"}],"curies":[{"name":"wp","href":"https:\/\/api.w.org\/{rel}","templated":true}]}}