{"id":160308,"date":"2017-02-16T21:49:50","date_gmt":"2017-02-16T20:49:50","guid":{"rendered":"http:\/\/www.fuldaer-nachrichten.de\/?p=160308"},"modified":"2017-02-16T21:49:50","modified_gmt":"2017-02-16T20:49:50","slug":"ausstellung-in-guter-verfassung-in-der-richard-mueller-schule","status":"publish","type":"post","link":"https:\/\/www.fuldaernachrichten.de\/?p=160308","title":{"rendered":"Ausstellung \u201eIn guter Verfassung!\u201c in der Richard-M\u00fcller-Schule"},"content":{"rendered":"<p>Das Jugendbildungswerk der Stadt Fulda pr\u00e4sentiert in der Zeit vom 8. bis 22. M\u00e4rz die Ausstellung \u201eIn guter Verfassung!\u201c, die vom Landesamt f\u00fcr Verfassungsschutz Sachsen vorrangig f\u00fcr junge Leute entwickelt wurde. Pr\u00e4sentationsort ist das Handelszentrum der Fuldaer Richard-M\u00fcller-Schule (Pappelweg 8).<\/p>\n<p>Die Ausstellung l\u00e4dt Jugendliche zu einer Auseinandersetzung mit den Prinzipien unserer freiheitlich-demokratischen Grundordnung ein und m\u00f6chte f\u00fcr die Gef\u00e4hrdungen sensibilisieren, die vom Rechts- und Linksextremismus sowie dem Islamismus ausgehen.<\/p>\n<p>Ein 90-min\u00fctiger Ausstellungsbesuch f\u00fcr Schulklassen und Jugendgruppen ist kostenlos. Die Besuchergruppen werden w\u00e4hrend ihres Aufenthaltes von engagierten Jugendlichen, die sich im Vorfeld auf ihre Aufgabe als Ausstellungs-Scouts vorbereitet haben, begleitet und betreut.<\/p>\n<p>Genauere Informationen und Anmeldungen unter Tel. (0661) 102-1990,\u00e2\u20ac\u00a8 Ansprechpartner: Ulli Greb.<\/p>\n","protected":false},"excerpt":{"rendered":"<div class=\"tmnf_excerpt\"><p>Das Jugendbildungswerk der Stadt Fulda pr\u00e4sentiert in der Zeit vom 8. bis 22. M\u00e4rz die Ausstellung \u201eIn guter Verfassung!\u201c, die vom Landesamt f\u00fcr Verfassungsschutz Sachsen vorrangig f\u00fcr junge Leute entwickelt wurde. Pr\u00e4sentationsort ist das Handelszentrum der Fuldaer Richard-M\u00fcller-Schule (Pappelweg 8). Die Ausstellung l\u00e4dt Jugendliche zu einer Auseinandersetzung mit den Prinzipien unserer freiheitlich-demokratischen Grundordnung ein und &hellip;<\/p>\n<\/div>","protected":false},"author":1,"featured_media":160311,"comment_status":"closed","ping_status":"closed","sticky":false,"template":"","format":"standard","meta":{"footnotes":""},"categories":[1],"tags":[],"class_list":["post-160308","post","type-post","status-publish","format-standard","has-post-thumbnail","hentry","category-startseite"],"_links":{"self":[{"href":"https:\/\/www.fuldaernachrichten.de\/index.php?rest_route=\/wp\/v2\/posts\/160308","targetHints":{"allow":["GET"]}}],"collection":[{"href":"https:\/\/www.fuldaernachrichten.de\/index.php?rest_route=\/wp\/v2\/posts"}],"about":[{"href":"https:\/\/www.fuldaernachrichten.de\/index.php?rest_route=\/wp\/v2\/types\/post"}],"author":[{"embeddable":true,"href":"https:\/\/www.fuldaernachrichten.de\/index.php?rest_route=\/wp\/v2\/users\/1"}],"replies":[{"embeddable":true,"href":"https:\/\/www.fuldaernachrichten.de\/index.php?rest_route=%2Fwp%2Fv2%2Fcomments&post=160308"}],"version-history":[{"count":1,"href":"https:\/\/www.fuldaernachrichten.de\/index.php?rest_route=\/wp\/v2\/posts\/160308\/revisions"}],"predecessor-version":[{"id":160312,"href":"https:\/\/www.fuldaernachrichten.de\/index.php?rest_route=\/wp\/v2\/posts\/160308\/revisions\/160312"}],"wp:featuredmedia":[{"embeddable":true,"href":"https:\/\/www.fuldaernachrichten.de\/index.php?rest_route=\/wp\/v2\/media\/160311"}],"wp:attachment":[{"href":"https:\/\/www.fuldaernachrichten.de\/index.php?rest_route=%2Fwp%2Fv2%2Fmedia&parent=160308"}],"wp:term":[{"taxonomy":"category","embeddable":true,"href":"https:\/\/www.fuldaernachrichten.de\/index.php?rest_route=%2Fwp%2Fv2%2Fcategories&post=160308"},{"taxonomy":"post_tag","embeddable":true,"href":"https:\/\/www.fuldaernachrichten.de\/index.php?rest_route=%2Fwp%2Fv2%2Ftags&post=160308"}],"curies":[{"name":"wp","href":"https:\/\/api.w.org\/{rel}","templated":true}]}}