{"id":1603,"date":"2007-02-11T00:57:24","date_gmt":"2007-02-10T23:57:24","guid":{"rendered":"http:\/\/www.schoene-nachrichten.de\/?p=1603"},"modified":"2007-02-11T01:37:36","modified_gmt":"2007-02-11T00:37:36","slug":"fuenfte-und-letzte-fremdensitzung-in-der-orangerie","status":"publish","type":"post","link":"https:\/\/www.fuldaernachrichten.de\/?p=1603","title":{"rendered":"F\u00fcnfte und letzte Fremdensitzung in der Orangerie"},"content":{"rendered":"<p><strong>Sch\u00f6nes aus Fulda.<\/strong>\u00c2\u00a0Gestern Abend\u00c2\u00a0hatte die FKG zur f\u00fcnften und letzten Fremdensitzung in dieser Faschings-Saison in den Stadtsaal der Orangerie geladen. Vor einem gut gelaunten Publikum wurde das Programm 2007\u00c2\u00a0so professionell, routiniert und engagiert aufgef\u00fchrt wie bei den Sitzungen zuvor. Marianne Link, Fuldas wohl bekannteste B\u00fcttenrednerin,\u00c2\u00a0gab in dieser Rolle\u00c2\u00a0ihren Abschied\u00c2\u00a0von der B\u00fchne.\u00c2\u00a0&#8220;K\u00fcnftig&#8221;,\u00c2\u00a0so Marianne Link, &#8220;m\u00f6chte ich die B\u00fchne f\u00fcr den Nachwuchs frei machen.&#8221; Sie wird\u00c2\u00a0ihren Fans aber erhalten bleiben, denn mit den &#8220;Klamottos&#8221; wird\u00c2\u00a0sie nach wie vor\u00c2\u00a0einen Programmpunkt gestalten. Sehen Sie hier einige Schnappsch\u00fcsse vom gestrigen Abend &#8230;<\/p>\n<p><strong>Fotos (30):<\/strong> Max Colin Heydenreich<\/p>\n<p><a target=\"_blank\" href=\"http:\/\/www.schoene-nachrichten.de\/wp-content\/uploads\/2007\/02\/070211_foaset_02.jpg\" title=\"Fotos (30): Max Colin Heydenreich\"><img decoding=\"async\" src=\"http:\/\/www.schoene-nachrichten.de\/wp-content\/uploads\/2007\/02\/070211_foaset_02.thumbnail.jpg\" alt=\"070211_foaset_02.jpg\" \/><\/a>\u00c2\u00a0<a target=\"_blank\" href=\"http:\/\/www.schoene-nachrichten.de\/wp-content\/uploads\/2007\/02\/070211_foaset_23.jpg\" title=\"Fotos (30): Max Colin Heydenreich\"><img decoding=\"async\" src=\"http:\/\/www.schoene-nachrichten.de\/wp-content\/uploads\/2007\/02\/070211_foaset_23.thumbnail.jpg\" alt=\"070211_foaset_23.jpg\" \/><\/a>\u00c2\u00a0<a target=\"_blank\" href=\"http:\/\/www.schoene-nachrichten.de\/wp-content\/uploads\/2007\/02\/070211_foaset_17.jpg\" title=\"Fotos (30): Max Colin Heydenreich\"><img decoding=\"async\" src=\"http:\/\/www.schoene-nachrichten.de\/wp-content\/uploads\/2007\/02\/070211_foaset_17.thumbnail.jpg\" alt=\"070211_foaset_17.jpg\" \/><\/a><\/p>\n<p><a target=\"_blank\" href=\"http:\/\/www.schoene-nachrichten.de\/wp-content\/uploads\/2007\/02\/070211_foaset_30.jpg\" title=\"Fotos (30): Max Colin Heydenreich\"><img decoding=\"async\" src=\"http:\/\/www.schoene-nachrichten.de\/wp-content\/uploads\/2007\/02\/070211_foaset_30.thumbnail.jpg\" alt=\"070211_foaset_30.jpg\" \/><\/a>\u00c2\u00a0<a target=\"_blank\" href=\"http:\/\/www.schoene-nachrichten.de\/wp-content\/uploads\/2007\/02\/070211_foaset_29.jpg\" title=\"Fotos (30): Max Colin Heydenreich\"><img decoding=\"async\" src=\"http:\/\/www.schoene-nachrichten.de\/wp-content\/uploads\/2007\/02\/070211_foaset_29.thumbnail.jpg\" alt=\"070211_foaset_29.jpg\" \/><\/a>\u00c2\u00a0<a target=\"_blank\" href=\"http:\/\/www.schoene-nachrichten.de\/wp-content\/uploads\/2007\/02\/070211_foaset_28.jpg\" title=\"Fotos (30): Max Colin Heydenreich\"><img decoding=\"async\" src=\"http:\/\/www.schoene-nachrichten.de\/wp-content\/uploads\/2007\/02\/070211_foaset_28.thumbnail.jpg\" alt=\"070211_foaset_28.jpg\" \/><\/a><\/p>\n<p><!--more--><a target=\"_blank\" href=\"http:\/\/www.schoene-nachrichten.de\/wp-content\/uploads\/2007\/02\/070211_foaset_27.jpg\" title=\"Fotos (30): Max Colin Heydenreich\"><img decoding=\"async\" src=\"http:\/\/www.schoene-nachrichten.de\/wp-content\/uploads\/2007\/02\/070211_foaset_27.thumbnail.jpg\" alt=\"070211_foaset_27.jpg\" \/><\/a>\u00c2\u00a0<a target=\"_blank\" href=\"http:\/\/www.schoene-nachrichten.de\/wp-content\/uploads\/2007\/02\/070211_foaset_26.jpg\" title=\"Fotos (30): Max Colin Heydenreich\"><img decoding=\"async\" src=\"http:\/\/www.schoene-nachrichten.de\/wp-content\/uploads\/2007\/02\/070211_foaset_26.thumbnail.jpg\" alt=\"070211_foaset_26.jpg\" \/><\/a>\u00c2\u00a0<a target=\"_blank\" href=\"http:\/\/www.schoene-nachrichten.de\/wp-content\/uploads\/2007\/02\/070211_foaset_25.jpg\" title=\"Fotos (30): Max Colin Heydenreich\"><img decoding=\"async\" src=\"http:\/\/www.schoene-nachrichten.de\/wp-content\/uploads\/2007\/02\/070211_foaset_25.thumbnail.jpg\" alt=\"070211_foaset_25.jpg\" \/><\/a><\/p>\n<p><a target=\"_blank\" href=\"http:\/\/www.schoene-nachrichten.de\/wp-content\/uploads\/2007\/02\/070211_foaset_24.jpg\" title=\"Fotos (30): Max Colin Heydenreich\"><img decoding=\"async\" src=\"http:\/\/www.schoene-nachrichten.de\/wp-content\/uploads\/2007\/02\/070211_foaset_24.thumbnail.jpg\" alt=\"070211_foaset_24.jpg\" \/><\/a>\u00c2\u00a0<a target=\"_blank\" href=\"http:\/\/www.schoene-nachrichten.de\/wp-content\/uploads\/2007\/02\/070211_foaset_22.jpg\" title=\"Fotos (30): Max Colin Heydenreich\"><img decoding=\"async\" src=\"http:\/\/www.schoene-nachrichten.de\/wp-content\/uploads\/2007\/02\/070211_foaset_22.thumbnail.jpg\" alt=\"070211_foaset_22.jpg\" \/><\/a>\u00c2\u00a0<a target=\"_blank\" href=\"http:\/\/www.schoene-nachrichten.de\/wp-content\/uploads\/2007\/02\/070211_foaset_21.jpg\" title=\"Fotos (30): Max Colin Heydenreich\"><img decoding=\"async\" src=\"http:\/\/www.schoene-nachrichten.de\/wp-content\/uploads\/2007\/02\/070211_foaset_21.thumbnail.jpg\" alt=\"070211_foaset_21.jpg\" \/><\/a><\/p>\n<p><a target=\"_blank\" href=\"http:\/\/www.schoene-nachrichten.de\/wp-content\/uploads\/2007\/02\/070211_foaset_20.jpg\" title=\"Fotos (30): Max Colin Heydenreich\"><img decoding=\"async\" src=\"http:\/\/www.schoene-nachrichten.de\/wp-content\/uploads\/2007\/02\/070211_foaset_20.thumbnail.jpg\" alt=\"070211_foaset_20.jpg\" \/><\/a>\u00c2\u00a0<a target=\"_blank\" href=\"http:\/\/www.schoene-nachrichten.de\/wp-content\/uploads\/2007\/02\/070211_foaset_19.jpg\" title=\"Fotos (30): Max Colin Heydenreich\"><img decoding=\"async\" src=\"http:\/\/www.schoene-nachrichten.de\/wp-content\/uploads\/2007\/02\/070211_foaset_19.thumbnail.jpg\" alt=\"070211_foaset_19.jpg\" \/><\/a>\u00c2\u00a0<a target=\"_blank\" href=\"http:\/\/www.schoene-nachrichten.de\/wp-content\/uploads\/2007\/02\/070211_foaset_18.jpg\" title=\"Fotos (30): Max Colin Heydenreich\"><img decoding=\"async\" src=\"http:\/\/www.schoene-nachrichten.de\/wp-content\/uploads\/2007\/02\/070211_foaset_18.thumbnail.jpg\" alt=\"070211_foaset_18.jpg\" \/><\/a><\/p>\n<p><a target=\"_blank\" href=\"http:\/\/www.schoene-nachrichten.de\/wp-content\/uploads\/2007\/02\/070211_foaset_16.jpg\" title=\"Fotos (30): Max Colin Heydenreich\"><img decoding=\"async\" src=\"http:\/\/www.schoene-nachrichten.de\/wp-content\/uploads\/2007\/02\/070211_foaset_16.thumbnail.jpg\" alt=\"070211_foaset_16.jpg\" \/><\/a>\u00c2\u00a0<a target=\"_blank\" href=\"http:\/\/www.schoene-nachrichten.de\/wp-content\/uploads\/2007\/02\/070211_foaset_15.jpg\" title=\"Fotos (30): Max Colin Heydenreich\"><img decoding=\"async\" src=\"http:\/\/www.schoene-nachrichten.de\/wp-content\/uploads\/2007\/02\/070211_foaset_15.thumbnail.jpg\" alt=\"070211_foaset_15.jpg\" \/><\/a>\u00c2\u00a0<a target=\"_blank\" href=\"http:\/\/www.schoene-nachrichten.de\/wp-content\/uploads\/2007\/02\/070211_foaset_14.jpg\" title=\"Fotos (30): Max Colin Heydenreich\"><img decoding=\"async\" src=\"http:\/\/www.schoene-nachrichten.de\/wp-content\/uploads\/2007\/02\/070211_foaset_14.thumbnail.jpg\" alt=\"070211_foaset_14.jpg\" \/><\/a><\/p>\n<p><a target=\"_blank\" href=\"http:\/\/www.schoene-nachrichten.de\/wp-content\/uploads\/2007\/02\/070211_foaset_13.jpg\" title=\"Fotos (30): Max Colin Heydenreich\"><img decoding=\"async\" src=\"http:\/\/www.schoene-nachrichten.de\/wp-content\/uploads\/2007\/02\/070211_foaset_13.thumbnail.jpg\" alt=\"070211_foaset_13.jpg\" \/><\/a>\u00c2\u00a0<a target=\"_blank\" href=\"http:\/\/www.schoene-nachrichten.de\/wp-content\/uploads\/2007\/02\/070211_foaset_12.jpg\" title=\"Fotos (30): Max Colin Heydenreich\"><img decoding=\"async\" src=\"http:\/\/www.schoene-nachrichten.de\/wp-content\/uploads\/2007\/02\/070211_foaset_12.thumbnail.jpg\" alt=\"070211_foaset_12.jpg\" \/><\/a>\u00c2\u00a0<a target=\"_blank\" href=\"http:\/\/www.schoene-nachrichten.de\/wp-content\/uploads\/2007\/02\/070211_foaset_11.jpg\" title=\"Fotos (30): Max Colin Heydenreich\"><img decoding=\"async\" src=\"http:\/\/www.schoene-nachrichten.de\/wp-content\/uploads\/2007\/02\/070211_foaset_11.thumbnail.jpg\" alt=\"070211_foaset_11.jpg\" \/><\/a><\/p>\n<p><a target=\"_blank\" href=\"http:\/\/www.schoene-nachrichten.de\/wp-content\/uploads\/2007\/02\/070211_foaset_10.jpg\" title=\"Fotos (30): Max Colin Heydenreich\"><img decoding=\"async\" src=\"http:\/\/www.schoene-nachrichten.de\/wp-content\/uploads\/2007\/02\/070211_foaset_10.thumbnail.jpg\" alt=\"070211_foaset_10.jpg\" \/><\/a>\u00c2\u00a0<a target=\"_blank\" href=\"http:\/\/www.schoene-nachrichten.de\/wp-content\/uploads\/2007\/02\/070211_foaset_09.jpg\" title=\"Fotos (30): Max Colin Heydenreich\"><img decoding=\"async\" src=\"http:\/\/www.schoene-nachrichten.de\/wp-content\/uploads\/2007\/02\/070211_foaset_09.thumbnail.jpg\" alt=\"070211_foaset_09.jpg\" \/><\/a>\u00c2\u00a0<a target=\"_blank\" href=\"http:\/\/www.schoene-nachrichten.de\/wp-content\/uploads\/2007\/02\/070211_foaset_08.jpg\" title=\"Fotos (30): Max Colin Heydenreich\"><img decoding=\"async\" src=\"http:\/\/www.schoene-nachrichten.de\/wp-content\/uploads\/2007\/02\/070211_foaset_08.thumbnail.jpg\" alt=\"070211_foaset_08.jpg\" \/><\/a><\/p>\n<p><a target=\"_blank\" href=\"http:\/\/www.schoene-nachrichten.de\/wp-content\/uploads\/2007\/02\/070211_foaset_07.jpg\" title=\"Fotos (30): Max Colin Heydenreich\"><img decoding=\"async\" src=\"http:\/\/www.schoene-nachrichten.de\/wp-content\/uploads\/2007\/02\/070211_foaset_07.thumbnail.jpg\" alt=\"070211_foaset_07.jpg\" \/><\/a>\u00c2\u00a0<a target=\"_blank\" href=\"http:\/\/www.schoene-nachrichten.de\/wp-content\/uploads\/2007\/02\/070211_foaset_06.jpg\" title=\"Fotos (30): Max Colin Heydenreich\"><img decoding=\"async\" src=\"http:\/\/www.schoene-nachrichten.de\/wp-content\/uploads\/2007\/02\/070211_foaset_06.thumbnail.jpg\" alt=\"070211_foaset_06.jpg\" \/><\/a>\u00c2\u00a0<a target=\"_blank\" href=\"http:\/\/www.schoene-nachrichten.de\/wp-content\/uploads\/2007\/02\/070211_foaset_05.jpg\" title=\"Fotos (30): Max Colin Heydenreich\"><img decoding=\"async\" src=\"http:\/\/www.schoene-nachrichten.de\/wp-content\/uploads\/2007\/02\/070211_foaset_05.thumbnail.jpg\" alt=\"070211_foaset_05.jpg\" \/><\/a><\/p>\n<p><a target=\"_blank\" href=\"http:\/\/www.schoene-nachrichten.de\/wp-content\/uploads\/2007\/02\/070211_foaset_04.jpg\" title=\"Fotos (30): Max Colin Heydenreich\"><img decoding=\"async\" src=\"http:\/\/www.schoene-nachrichten.de\/wp-content\/uploads\/2007\/02\/070211_foaset_04.thumbnail.jpg\" alt=\"070211_foaset_04.jpg\" \/><\/a>\u00c2\u00a0<a target=\"_blank\" href=\"http:\/\/www.schoene-nachrichten.de\/wp-content\/uploads\/2007\/02\/070211_foaset_03.jpg\" title=\"Fotos (30): Max Colin Heydenreich\"><img decoding=\"async\" src=\"http:\/\/www.schoene-nachrichten.de\/wp-content\/uploads\/2007\/02\/070211_foaset_03.thumbnail.jpg\" alt=\"070211_foaset_03.jpg\" \/><\/a>\u00c2\u00a0<a target=\"_blank\" href=\"http:\/\/www.schoene-nachrichten.de\/wp-content\/uploads\/2007\/02\/070211_foaset_01.jpg\" title=\"Fotos (30): Max Colin Heydenreich\"><img decoding=\"async\" src=\"http:\/\/www.schoene-nachrichten.de\/wp-content\/uploads\/2007\/02\/070211_foaset_01.thumbnail.jpg\" alt=\"070211_foaset_01.jpg\" \/><\/a><\/p>\n<p>Weitere 71 Fotos finden Sie bei <a target=\"_blank\" href=\"http:\/\/www.pressefoto-fulda.de\">www.pressefoto-fulda.de<\/a><\/p>\n","protected":false},"excerpt":{"rendered":"<div class=\"tmnf_excerpt\"><p>Sch\u00f6nes aus Fulda.\u00c2\u00a0Gestern Abend\u00c2\u00a0hatte die FKG zur f\u00fcnften und letzten Fremdensitzung in dieser Faschings-Saison in den Stadtsaal der Orangerie geladen. Vor einem gut gelaunten Publikum wurde das Programm 2007\u00c2\u00a0so professionell, routiniert und engagiert aufgef\u00fchrt wie bei den Sitzungen zuvor. Marianne Link, Fuldas wohl bekannteste B\u00fcttenrednerin,\u00c2\u00a0gab in dieser Rolle\u00c2\u00a0ihren Abschied\u00c2\u00a0von der B\u00fchne.\u00c2\u00a0&#8220;K\u00fcnftig&#8221;,\u00c2\u00a0so Marianne Link, &#8220;m\u00f6chte ich &hellip;<\/p>\n<\/div>","protected":false},"author":1,"featured_media":0,"comment_status":"closed","ping_status":"closed","sticky":false,"template":"","format":"standard","meta":{"footnotes":""},"categories":[1,54,44],"tags":[],"class_list":["post-1603","post","type-post","status-publish","format-standard","hentry","category-startseite","category-bildergalerien","category-kultur"],"_links":{"self":[{"href":"https:\/\/www.fuldaernachrichten.de\/index.php?rest_route=\/wp\/v2\/posts\/1603","targetHints":{"allow":["GET"]}}],"collection":[{"href":"https:\/\/www.fuldaernachrichten.de\/index.php?rest_route=\/wp\/v2\/posts"}],"about":[{"href":"https:\/\/www.fuldaernachrichten.de\/index.php?rest_route=\/wp\/v2\/types\/post"}],"author":[{"embeddable":true,"href":"https:\/\/www.fuldaernachrichten.de\/index.php?rest_route=\/wp\/v2\/users\/1"}],"replies":[{"embeddable":true,"href":"https:\/\/www.fuldaernachrichten.de\/index.php?rest_route=%2Fwp%2Fv2%2Fcomments&post=1603"}],"version-history":[{"count":0,"href":"https:\/\/www.fuldaernachrichten.de\/index.php?rest_route=\/wp\/v2\/posts\/1603\/revisions"}],"wp:attachment":[{"href":"https:\/\/www.fuldaernachrichten.de\/index.php?rest_route=%2Fwp%2Fv2%2Fmedia&parent=1603"}],"wp:term":[{"taxonomy":"category","embeddable":true,"href":"https:\/\/www.fuldaernachrichten.de\/index.php?rest_route=%2Fwp%2Fv2%2Fcategories&post=1603"},{"taxonomy":"post_tag","embeddable":true,"href":"https:\/\/www.fuldaernachrichten.de\/index.php?rest_route=%2Fwp%2Fv2%2Ftags&post=1603"}],"curies":[{"name":"wp","href":"https:\/\/api.w.org\/{rel}","templated":true}]}}