{"id":160294,"date":"2017-02-16T06:42:25","date_gmt":"2017-02-16T05:42:25","guid":{"rendered":"http:\/\/www.fuldaer-nachrichten.de\/?p=160294"},"modified":"2017-02-15T20:43:40","modified_gmt":"2017-02-15T19:43:40","slug":"2-000-euro-fuer-die-jugendlichen-von-perspektiva-primajob-gmbh-ueberreicht-grosszuegige-spende","status":"publish","type":"post","link":"https:\/\/www.fuldaernachrichten.de\/?p=160294","title":{"rendered":"2 000 Euro f\u00fcr die Jugendlichen von Perspektiva &#8211; Primajob GmbH \u00fcberreicht gro\u00dfz\u00fcgige Spende"},"content":{"rendered":"<p>Einen finanziellen Zuschuss, der den Jugendlichen von Perspektiva zugutekommt, wurde jetzt \u00fcberreicht: Einen Scheck in H\u00f6he von 2 000 Euro konnte Gesch\u00e4ftsf\u00fchrer Michael Becker von den Vertretern der Primajob GmbH, Thomas Gossler und Marco Motzkus, entgegennehmen.\u00c2\u00a0 \u201eWir freuen uns, Perspektiva bereits im f\u00fcnften Jahr unterst\u00fctzen zu k\u00f6nnen\u201c, erkl\u00e4rt Gossler, der als Niederlassungsleiter der Primajob gGmbH, die seit 2007 in Fulda ans\u00e4ssig ist, den Scheck \u00fcberreicht hat. Es sei wichtig, junge Menschen zu f\u00f6rdern, die einen Ausbildungsberuf anstreben: \u201eGerade im handwerklichen Bereich fehlt es oft an Bewerbern f\u00fcr die Ausbildungsstellen.\u201c Herzlich bedankte sich Gesch\u00e4ftsf\u00fchrer Michael Becker. \u201eIhre Zuwendung und Ihr Engagement \u00f6ffnen T\u00fcren\u201c, so Becker, der den Scheck gemeinsam mit drei Jugendlichen entgegennahm. Aktuell, so verdeutlichte Becker, werden 120 Jugendliche von dem Perspektiva-Team betreut. \u201eMit diesem Spendenbetrag m\u00f6chten wir es Heranwachsenden weiterhin erm\u00f6glichen, ihre Talente zu entdecken, diese zu f\u00f6rdern und sie auf dem Weg in die Berufswelt zu begleiten.\u201c<\/p>\n<p>BU: Spenden\u00fcbergabe bei Perspektiva: Gesch\u00e4ftsf\u00fchrung Michael Becker, Perspektiva-Hofleiter Achim Hillenbrand, Perspektiva-Jugendliche Ahmad Asaki, Nadine Hoerle und Justin Matthes, Primajob Personaldisponent Marco Motzkus und Primajob Niederlassungsleiter Thomas Gossler (v.l.)<\/p>\n","protected":false},"excerpt":{"rendered":"<div class=\"tmnf_excerpt\"><p>Einen finanziellen Zuschuss, der den Jugendlichen von Perspektiva zugutekommt, wurde jetzt \u00fcberreicht: Einen Scheck in H\u00f6he von 2 000 Euro konnte Gesch\u00e4ftsf\u00fchrer Michael Becker von den Vertretern der Primajob GmbH, Thomas Gossler und Marco Motzkus, entgegennehmen.\u00c2\u00a0 \u201eWir freuen uns, Perspektiva bereits im f\u00fcnften Jahr unterst\u00fctzen zu k\u00f6nnen\u201c, erkl\u00e4rt Gossler, der als Niederlassungsleiter der Primajob gGmbH, &hellip;<\/p>\n<\/div>","protected":false},"author":1,"featured_media":160297,"comment_status":"closed","ping_status":"closed","sticky":false,"template":"","format":"standard","meta":{"footnotes":""},"categories":[1],"tags":[],"class_list":["post-160294","post","type-post","status-publish","format-standard","has-post-thumbnail","hentry","category-startseite"],"_links":{"self":[{"href":"https:\/\/www.fuldaernachrichten.de\/index.php?rest_route=\/wp\/v2\/posts\/160294","targetHints":{"allow":["GET"]}}],"collection":[{"href":"https:\/\/www.fuldaernachrichten.de\/index.php?rest_route=\/wp\/v2\/posts"}],"about":[{"href":"https:\/\/www.fuldaernachrichten.de\/index.php?rest_route=\/wp\/v2\/types\/post"}],"author":[{"embeddable":true,"href":"https:\/\/www.fuldaernachrichten.de\/index.php?rest_route=\/wp\/v2\/users\/1"}],"replies":[{"embeddable":true,"href":"https:\/\/www.fuldaernachrichten.de\/index.php?rest_route=%2Fwp%2Fv2%2Fcomments&post=160294"}],"version-history":[{"count":1,"href":"https:\/\/www.fuldaernachrichten.de\/index.php?rest_route=\/wp\/v2\/posts\/160294\/revisions"}],"predecessor-version":[{"id":160298,"href":"https:\/\/www.fuldaernachrichten.de\/index.php?rest_route=\/wp\/v2\/posts\/160294\/revisions\/160298"}],"wp:featuredmedia":[{"embeddable":true,"href":"https:\/\/www.fuldaernachrichten.de\/index.php?rest_route=\/wp\/v2\/media\/160297"}],"wp:attachment":[{"href":"https:\/\/www.fuldaernachrichten.de\/index.php?rest_route=%2Fwp%2Fv2%2Fmedia&parent=160294"}],"wp:term":[{"taxonomy":"category","embeddable":true,"href":"https:\/\/www.fuldaernachrichten.de\/index.php?rest_route=%2Fwp%2Fv2%2Fcategories&post=160294"},{"taxonomy":"post_tag","embeddable":true,"href":"https:\/\/www.fuldaernachrichten.de\/index.php?rest_route=%2Fwp%2Fv2%2Ftags&post=160294"}],"curies":[{"name":"wp","href":"https:\/\/api.w.org\/{rel}","templated":true}]}}